{"id":33977,"date":"2025-05-10T14:47:09","date_gmt":"2025-05-10T14:47:09","guid":{"rendered":"https:\/\/cnctulua.tv\/?p=33977"},"modified":"2025-05-10T14:47:09","modified_gmt":"2025-05-10T14:47:09","slug":"festival-de-marimba-en-tulua-una-fiesta-de-cultura-y-tradicion-este-sabado-10-de-mayo","status":"publish","type":"post","link":"https:\/\/cnctulua.tv\/?p=33977","title":{"rendered":"Festival de Marimba en Tulu\u00e1: UNA FIESTA DE CULTURA Y TRADICI\u00d3N este s\u00e1bado 10 de mayo"},"content":{"rendered":"\n<p>Este s\u00e1bado, el Coliseo de Pesas Aimmer Orozco ser\u00e1 el escenario de una jornada cultural que celebrar\u00e1 la m\u00fasica y las tradiciones del Pac\u00edfico colombiano con el Festival de Marimba. El evento, que se llevar\u00e1 a cabo desde las 9:00 a.m. hasta las 3:00 p.m., ser\u00e1 completamente gratuito y abierto a toda la comunidad.<\/p>\n\n\n\n<p>Durante el festival, los asistentes podr\u00e1n disfrutar de la presentaci\u00f3n de cuatro grupos, dos de marimba y dos de danza, que llegar\u00e1n desde diferentes ciudades del pa\u00eds, incluido el Valle del Cauca. Los grupos prometen ofrecer una experiencia aut\u00e9ntica de la m\u00fasica y las danzas tradicionales del Pac\u00edfico colombiano. Adem\u00e1s, se contar\u00e1 con una oferta gastron\u00f3mica que incluir\u00e1 platos t\u00edpicos de la regi\u00f3n, permitiendo a los asistentes conocer m\u00e1s sobre los sabores ancestrales del Pac\u00edfico.<\/p>\n\n\n\n<figure class=\"wp-block-embed is-type-video is-provider-youtube wp-block-embed-youtube wp-embed-aspect-16-9 wp-has-aspect-ratio\"><div class=\"wp-block-embed__wrapper\">\n<iframe loading=\"lazy\" title=\"Festival de Marimba en Tulu\u00e1: M\u00fasica, Danza y Tradici\u00f3n del Pac\u00edfico \ud83c\udfb6\ud83c\udf0d\" width=\"640\" height=\"360\" src=\"https:\/\/www.youtube.com\/embed\/p01hKRJgcac?feature=oembed\" frameborder=\"0\" allow=\"accelerometer; autoplay; clipboard-write; encrypted-media; gyroscope; picture-in-picture; web-share\" referrerpolicy=\"strict-origin-when-cross-origin\" allowfullscreen><\/iframe>\n<\/div><\/figure>\n\n\n\n<p>El festival tiene como objetivo acercar la cultura del Pac\u00edfico a los ciudadanos de Tulu\u00e1 y sus alrededores. No solo se trata de un evento musical, sino tambi\u00e9n de una oportunidad para que los habitantes de la ciudad disfruten de actividades que buscan preservar y promover las tradiciones culturales de Colombia. La entrada al evento ser\u00e1 libre para todas las personas, sin importar su edad, lo que permitir\u00e1 que tanto ni\u00f1os como adultos participen de la jornada cultural.<\/p>\n\n\n\n<p>Este evento tambi\u00e9n contar\u00e1 con la presencia de instituciones que brindar\u00e1n informaci\u00f3n sobre servicios sociales como el Sisb\u00e9n, Adulto Mayor y Renta Ciudadana. A lo largo de la jornada, los asistentes tendr\u00e1n acceso a m\u00e1s detalles sobre estos programas de apoyo.<\/p>\n\n\n\n<p>El Festival de Marimba en Tulu\u00e1 se perfila como una opci\u00f3n para disfrutar de la cultura pac\u00edfica, disfrutar de un d\u00eda de entretenimiento y aprender m\u00e1s sobre una de las tradiciones m\u00e1s representativas de la regi\u00f3n del Pac\u00edfico. Sin duda, una excelente oportunidad para vivir una jornada cultural diferente en la ciudad.<\/p>\n\n\n\n<figure class=\"wp-block-video\"><\/figure>\n","protected":false},"excerpt":{"rendered":"<p>Este s\u00e1bado, el Coliseo de Pesas Aimmer Orozco ser\u00e1 el escenario de una jornada cultural que celebrar\u00e1 la m\u00fasica y las tradiciones del Pac\u00edfico colombiano con el Festival de Marimba. El evento, que se llevar\u00e1 a cabo desde las 9:00 a.m. hasta las 3:00 p.m., ser\u00e1 completamente gratuito y abierto a toda la comunidad. Durante [&hellip;]<\/p>\n","protected":false},"author":3,"featured_media":33978,"comment_status":"open","ping_status":"open","sticky":false,"template":"","format":"video","meta":{"footnotes":""},"categories":[10],"tags":[],"class_list":["post-33977","post","type-post","status-publish","format-video","has-post-thumbnail","hentry","category-cnc-noticias-tulua","post_format-post-format-video"],"_links":{"self":[{"href":"https:\/\/cnctulua.tv\/index.php?rest_route=\/wp\/v2\/posts\/33977","targetHints":{"allow":["GET"]}}],"collection":[{"href":"https:\/\/cnctulua.tv\/index.php?rest_route=\/wp\/v2\/posts"}],"about":[{"href":"https:\/\/cnctulua.tv\/index.php?rest_route=\/wp\/v2\/types\/post"}],"author":[{"embeddable":true,"href":"https:\/\/cnctulua.tv\/index.php?rest_route=\/wp\/v2\/users\/3"}],"replies":[{"embeddable":true,"href":"https:\/\/cnctulua.tv\/index.php?rest_route=%2Fwp%2Fv2%2Fcomments&post=33977"}],"version-history":[{"count":1,"href":"https:\/\/cnctulua.tv\/index.php?rest_route=\/wp\/v2\/posts\/33977\/revisions"}],"predecessor-version":[{"id":33979,"href":"https:\/\/cnctulua.tv\/index.php?rest_route=\/wp\/v2\/posts\/33977\/revisions\/33979"}],"wp:featuredmedia":[{"embeddable":true,"href":"https:\/\/cnctulua.tv\/index.php?rest_route=\/wp\/v2\/media\/33978"}],"wp:attachment":[{"href":"https:\/\/cnctulua.tv\/index.php?rest_route=%2Fwp%2Fv2%2Fmedia&parent=33977"}],"wp:term":[{"taxonomy":"category","embeddable":true,"href":"https:\/\/cnctulua.tv\/index.php?rest_route=%2Fwp%2Fv2%2Fcategories&post=33977"},{"taxonomy":"post_tag","embeddable":true,"href":"https:\/\/cnctulua.tv\/index.php?rest_route=%2Fwp%2Fv2%2Ftags&post=33977"}],"curies":[{"name":"wp","href":"https:\/\/api.w.org\/{rel}","templated":true}]}}