{"id":33983,"date":"2025-05-10T14:51:40","date_gmt":"2025-05-10T14:51:40","guid":{"rendered":"https:\/\/cnctulua.tv\/?p=33983"},"modified":"2025-05-10T14:51:40","modified_gmt":"2025-05-10T14:51:40","slug":"red-integrada-de-salud-una-solucion-estructural-o-un-parche-mas-para-el-sistema-en-crisis","status":"publish","type":"post","link":"https:\/\/cnctulua.tv\/?p=33983","title":{"rendered":"RED INTEGRADA DE SALUD: \u00bfuna soluci\u00f3n estructural o un parche m\u00e1s para el sistema en crisis?"},"content":{"rendered":"\n<p>modelo de Red Integrada Integral de Servicios, una estrategia que busca mejorar el acceso, la calidad y la eficiencia en la atenci\u00f3n m\u00e9dica para la poblaci\u00f3n del departamento.<\/p>\n\n\n\n<p>Este modelo, en construcci\u00f3n desde 2018, tiene como prop\u00f3sito articular los servicios de salud p\u00fablicos y privados para garantizar una atenci\u00f3n m\u00e1s cercana, oportuna y centrada en las necesidades reales de los vallecaucanos. La propuesta promueve una red territorializada, con atenci\u00f3n primaria fortalecida y servicios organizados por niveles de complejidad, lo que permitir\u00e1 un mejor aprovechamiento de los recursos y una cobertura m\u00e1s equitativa.<\/p>\n\n\n\n<figure class=\"wp-block-embed is-type-video is-provider-youtube wp-block-embed-youtube wp-embed-aspect-16-9 wp-has-aspect-ratio\"><div class=\"wp-block-embed__wrapper\">\n<iframe loading=\"lazy\" title=\"Nuevo modelo de salud en el Valle: \u00bfSoluci\u00f3n real o promesa repetida? \ud83d\udcac\ud83e\ude7a\" width=\"640\" height=\"360\" src=\"https:\/\/www.youtube.com\/embed\/wJ4oCPpAzjI?feature=oembed\" frameborder=\"0\" allow=\"accelerometer; autoplay; clipboard-write; encrypted-media; gyroscope; picture-in-picture; web-share\" referrerpolicy=\"strict-origin-when-cross-origin\" allowfullscreen><\/iframe>\n<\/div><\/figure>\n\n\n\n<p>Durante el encuentro con la Superintendencia, se explic\u00f3 que la estrategia permitir\u00e1 a los usuarios acceder a servicios tanto en hospitales p\u00fablicos como privados de manera integrada. As\u00ed mismo, contempla la implementaci\u00f3n de un modelo de pago por resultados y tarifas razonables, lo cual busca mejorar el flujo financiero del sistema y asegurar la sostenibilidad de los servicios.<\/p>\n\n\n\n<p>El Superintendente Nacional de Salud, Giovanny Rubiano Garc\u00eda, valor\u00f3 positivamente la iniciativa y afirm\u00f3 que el modelo est\u00e1 alineado con los lineamientos del Gobierno Nacional. Tambi\u00e9n indic\u00f3 que este esquema podr\u00eda convertirse en un piloto para ser replicado en otras regiones del pa\u00eds, gracias a su enfoque integral y su capacidad de articular a los distintos actores del sistema de salud.<\/p>\n\n\n\n<p>La Red Integrada Integral avanzar\u00e1 con el dise\u00f1o de un portafolio de servicios consensuado entre el Gobierno departamental y las EPS intervenidas, con base en las necesidades sanitarias del territorio. Esta etapa ser\u00e1 clave para consolidar un sistema que priorice la atenci\u00f3n preventiva, la eficiencia operativa y una mayor calidad en los servicios ofrecidos a la poblaci\u00f3n.<\/p>\n\n\n\n<figure class=\"wp-block-video\"><\/figure>\n","protected":false},"excerpt":{"rendered":"<p>modelo de Red Integrada Integral de Servicios, una estrategia que busca mejorar el acceso, la calidad y la eficiencia en la atenci\u00f3n m\u00e9dica para la poblaci\u00f3n del departamento. Este modelo, en construcci\u00f3n desde 2018, tiene como prop\u00f3sito articular los servicios de salud p\u00fablicos y privados para garantizar una atenci\u00f3n m\u00e1s cercana, oportuna y centrada en [&hellip;]<\/p>\n","protected":false},"author":3,"featured_media":33984,"comment_status":"open","ping_status":"open","sticky":false,"template":"","format":"video","meta":{"footnotes":""},"categories":[10],"tags":[],"class_list":["post-33983","post","type-post","status-publish","format-video","has-post-thumbnail","hentry","category-cnc-noticias-tulua","post_format-post-format-video"],"_links":{"self":[{"href":"https:\/\/cnctulua.tv\/index.php?rest_route=\/wp\/v2\/posts\/33983","targetHints":{"allow":["GET"]}}],"collection":[{"href":"https:\/\/cnctulua.tv\/index.php?rest_route=\/wp\/v2\/posts"}],"about":[{"href":"https:\/\/cnctulua.tv\/index.php?rest_route=\/wp\/v2\/types\/post"}],"author":[{"embeddable":true,"href":"https:\/\/cnctulua.tv\/index.php?rest_route=\/wp\/v2\/users\/3"}],"replies":[{"embeddable":true,"href":"https:\/\/cnctulua.tv\/index.php?rest_route=%2Fwp%2Fv2%2Fcomments&post=33983"}],"version-history":[{"count":1,"href":"https:\/\/cnctulua.tv\/index.php?rest_route=\/wp\/v2\/posts\/33983\/revisions"}],"predecessor-version":[{"id":33985,"href":"https:\/\/cnctulua.tv\/index.php?rest_route=\/wp\/v2\/posts\/33983\/revisions\/33985"}],"wp:featuredmedia":[{"embeddable":true,"href":"https:\/\/cnctulua.tv\/index.php?rest_route=\/wp\/v2\/media\/33984"}],"wp:attachment":[{"href":"https:\/\/cnctulua.tv\/index.php?rest_route=%2Fwp%2Fv2%2Fmedia&parent=33983"}],"wp:term":[{"taxonomy":"category","embeddable":true,"href":"https:\/\/cnctulua.tv\/index.php?rest_route=%2Fwp%2Fv2%2Fcategories&post=33983"},{"taxonomy":"post_tag","embeddable":true,"href":"https:\/\/cnctulua.tv\/index.php?rest_route=%2Fwp%2Fv2%2Ftags&post=33983"}],"curies":[{"name":"wp","href":"https:\/\/api.w.org\/{rel}","templated":true}]}}