{"id":33991,"date":"2025-05-10T14:56:49","date_gmt":"2025-05-10T14:56:49","guid":{"rendered":"https:\/\/cnctulua.tv\/?p=33991"},"modified":"2025-05-10T14:56:49","modified_gmt":"2025-05-10T14:56:49","slug":"quienes-son-los-responsables-del-homicidio-de-una-adolescente-en-guacari-dos-capturados-tras-el-ataque-armado","status":"publish","type":"post","link":"https:\/\/cnctulua.tv\/?p=33991","title":{"rendered":"\u00bfQui\u00e9nes son los responsables del homicidio de una adolescente en Guacar\u00ed? DOS CAPTURADOS TRAS EL ATAQUE ARMADO"},"content":{"rendered":"\n<p>La Polic\u00eda Nacional, a trav\u00e9s de su estrategia de seguridad orientada a las personas y los territorios, logr\u00f3 la captura de dos individuos presuntamente responsables del homicidio de una adolescente de 15 a\u00f1os en el municipio de Guacar\u00ed, Valle del Cauca. El crimen, ocurrido el pasado 30 de abril en el barrio El Limonar, conmocion\u00f3 a la comunidad local.<\/p>\n\n\n\n<p>De acuerdo con las autoridades, el ataque armado tambi\u00e9n dej\u00f3 herida a la madre de la adolescente, quien fue trasladada de inmediato junto a su hija a un centro asistencial. Sin embargo, a pesar de los esfuerzos m\u00e9dicos, la joven v\u00edctima perdi\u00f3 la vida debido a la gravedad de las heridas. La madre se encuentra fuera de peligro.<\/p>\n\n\n\n<figure class=\"wp-block-embed is-type-video is-provider-youtube wp-block-embed-youtube wp-embed-aspect-16-9 wp-has-aspect-ratio\"><div class=\"wp-block-embed__wrapper\">\n<iframe loading=\"lazy\" title=\"Capturan a los responsables del asesinato de una joven en Guacar\u00ed: Detalles del operativo \ud83d\udc6e\u200d\u2642\ufe0f\ud83d\udd2b\" width=\"640\" height=\"360\" src=\"https:\/\/www.youtube.com\/embed\/Nz1fw8mh3p4?feature=oembed\" frameborder=\"0\" allow=\"accelerometer; autoplay; clipboard-write; encrypted-media; gyroscope; picture-in-picture; web-share\" referrerpolicy=\"strict-origin-when-cross-origin\" allowfullscreen><\/iframe>\n<\/div><\/figure>\n\n\n\n<p>Tras el homicidio, la Polic\u00eda Nacional despleg\u00f3 un operativo investigativo que permiti\u00f3, gracias al trabajo de inteligencia y de la Polic\u00eda Judicial del Departamento de Polic\u00eda Valle, identificar y capturar a los dos sospechosos. Durante el proceso, tambi\u00e9n se incaut\u00f3 un arma de fuego, que se presume fue utilizada en el ataque.<\/p>\n\n\n\n<p>Los dos capturados, quienes ser\u00e1n investigados por homicidio agravado y tentativa de homicidio, fueron presentados ante un juez de la Rep\u00fablica. Este \u00faltimo dict\u00f3 medida de aseguramiento intramural en un centro carcelario y penitenciario.<\/p>\n\n\n\n<p>La captura de estos presuntos responsables ha permitido esclarecer uno de los casos m\u00e1s tr\u00e1gicos que ha afectado a la comunidad de Guacar\u00ed en lo que va del a\u00f1o, y representa un paso importante en la lucha contra la violencia en la regi\u00f3n. Las autoridades han asegurado que continuar\u00e1n trabajando para garantizar la seguridad de los ciudadanos y desmantelar organizaciones criminales que operan en el Valle del Cauca.<\/p>\n\n\n\n<p>La Polic\u00eda Nacional, a trav\u00e9s de su estrategia de proximidad y seguridad, reafirma su compromiso con la protecci\u00f3n de la vida y la integridad de los habitantes del departamento. A su vez, hace un llamado a la ciudadan\u00eda a seguir colaborando con las autoridades para prevenir y combatir la delincuencia en sus comunidades.<\/p>\n\n\n\n<p>El caso sigue siendo objeto de investigaci\u00f3n, y las autoridades aseguran que continuar\u00e1n con el seguimiento judicial hasta esclarecer todos los detalles del crimen.<\/p>\n\n\n\n<figure class=\"wp-block-video\"><\/figure>\n","protected":false},"excerpt":{"rendered":"<p>La Polic\u00eda Nacional, a trav\u00e9s de su estrategia de seguridad orientada a las personas y los territorios, logr\u00f3 la captura de dos individuos presuntamente responsables del homicidio de una adolescente de 15 a\u00f1os en el municipio de Guacar\u00ed, Valle del Cauca. El crimen, ocurrido el pasado 30 de abril en el barrio El Limonar, conmocion\u00f3 [&hellip;]<\/p>\n","protected":false},"author":3,"featured_media":33992,"comment_status":"open","ping_status":"open","sticky":false,"template":"","format":"video","meta":{"footnotes":""},"categories":[10],"tags":[],"class_list":["post-33991","post","type-post","status-publish","format-video","has-post-thumbnail","hentry","category-cnc-noticias-tulua","post_format-post-format-video"],"_links":{"self":[{"href":"https:\/\/cnctulua.tv\/index.php?rest_route=\/wp\/v2\/posts\/33991","targetHints":{"allow":["GET"]}}],"collection":[{"href":"https:\/\/cnctulua.tv\/index.php?rest_route=\/wp\/v2\/posts"}],"about":[{"href":"https:\/\/cnctulua.tv\/index.php?rest_route=\/wp\/v2\/types\/post"}],"author":[{"embeddable":true,"href":"https:\/\/cnctulua.tv\/index.php?rest_route=\/wp\/v2\/users\/3"}],"replies":[{"embeddable":true,"href":"https:\/\/cnctulua.tv\/index.php?rest_route=%2Fwp%2Fv2%2Fcomments&post=33991"}],"version-history":[{"count":1,"href":"https:\/\/cnctulua.tv\/index.php?rest_route=\/wp\/v2\/posts\/33991\/revisions"}],"predecessor-version":[{"id":33993,"href":"https:\/\/cnctulua.tv\/index.php?rest_route=\/wp\/v2\/posts\/33991\/revisions\/33993"}],"wp:featuredmedia":[{"embeddable":true,"href":"https:\/\/cnctulua.tv\/index.php?rest_route=\/wp\/v2\/media\/33992"}],"wp:attachment":[{"href":"https:\/\/cnctulua.tv\/index.php?rest_route=%2Fwp%2Fv2%2Fmedia&parent=33991"}],"wp:term":[{"taxonomy":"category","embeddable":true,"href":"https:\/\/cnctulua.tv\/index.php?rest_route=%2Fwp%2Fv2%2Fcategories&post=33991"},{"taxonomy":"post_tag","embeddable":true,"href":"https:\/\/cnctulua.tv\/index.php?rest_route=%2Fwp%2Fv2%2Ftags&post=33991"}],"curies":[{"name":"wp","href":"https:\/\/api.w.org\/{rel}","templated":true}]}}