{"id":34000,"date":"2025-05-12T19:42:30","date_gmt":"2025-05-12T19:42:30","guid":{"rendered":"https:\/\/cnctulua.tv\/?p=34000"},"modified":"2025-05-12T19:42:30","modified_gmt":"2025-05-12T19:42:30","slug":"capturan-a-tres-policias-por-presuntos-casos-de-tortura-y-secuestro-en-el-valle-del-cauca","status":"publish","type":"post","link":"https:\/\/cnctulua.tv\/?p=34000","title":{"rendered":"CAPTURAN A TRES POLIC\u00cdAS por presuntos casos de tortura y secuestro en el Valle del Cauca"},"content":{"rendered":"\n<p>Tres miembros activos de la Polic\u00eda Nacional fueron capturados en las \u00faltimas horas en Palmira (Valle del Cauca) y Pasto (Nari\u00f1o), luego de que un juez de circuito ordenara su detenci\u00f3n preventiva tras acoger un recurso de apelaci\u00f3n presentado por la Fiscal\u00eda General de la Naci\u00f3n.<\/p>\n\n\n\n<p>Los uniformados fueron identificados como el subintendente William Andr\u00e9s Rayo Jim\u00e9nez y los patrulleros Gilmar Steven Portocarrero Mosquera y Mayra Alejandra Toledo Hurtado. Seg\u00fan las autoridades, los tres estar\u00edan involucrados en la retenci\u00f3n ilegal y posterior agresi\u00f3n f\u00edsica de un ciudadano en hechos ocurridos el 3 de marzo de 2024, en el municipio de Bol\u00edvar, Valle del Cauca.<\/p>\n\n\n\n<figure class=\"wp-block-embed is-type-video is-provider-youtube wp-block-embed-youtube wp-embed-aspect-16-9 wp-has-aspect-ratio\"><div class=\"wp-block-embed__wrapper\">\n<iframe loading=\"lazy\" title=\"\ud83d\ude94 Capturan a 3 polic\u00edas por brutal golpiza a un ciudadano en Bol\u00edvar, Valle del Cauca\" width=\"640\" height=\"360\" src=\"https:\/\/www.youtube.com\/embed\/FnTz31Er0E8?feature=oembed\" frameborder=\"0\" allow=\"accelerometer; autoplay; clipboard-write; encrypted-media; gyroscope; picture-in-picture; web-share\" referrerpolicy=\"strict-origin-when-cross-origin\" allowfullscreen><\/iframe>\n<\/div><\/figure>\n\n\n\n<p>De acuerdo con la investigaci\u00f3n, la v\u00edctima fue llevada por los polic\u00edas a la Estaci\u00f3n de Polic\u00eda local, donde fue presuntamente agredida durante m\u00e1s de 12 horas. El informe se\u00f1ala que el ciudadano se encontraba en estado de indefensi\u00f3n y fue sometido a golpes que le causaron graves lesiones internas. Posteriormente, tuvo que ser trasladado de urgencia a un centro asistencial, donde fue intervenido quir\u00fargicamente para extraerle el bazo.<\/p>\n\n\n\n<figure class=\"wp-block-image size-large\"><img loading=\"lazy\" decoding=\"async\" width=\"1024\" height=\"576\" src=\"https:\/\/cnctulua.tv\/wp-content\/uploads\/2025\/05\/PT.-Filmar-Steven-Portocarrero-Mosquera-1024x576.jpeg\" alt=\"\" class=\"wp-image-34002\" srcset=\"https:\/\/cnctulua.tv\/wp-content\/uploads\/2025\/05\/PT.-Filmar-Steven-Portocarrero-Mosquera-1024x576.jpeg 1024w, https:\/\/cnctulua.tv\/wp-content\/uploads\/2025\/05\/PT.-Filmar-Steven-Portocarrero-Mosquera-300x169.jpeg 300w, https:\/\/cnctulua.tv\/wp-content\/uploads\/2025\/05\/PT.-Filmar-Steven-Portocarrero-Mosquera-768x432.jpeg 768w, https:\/\/cnctulua.tv\/wp-content\/uploads\/2025\/05\/PT.-Filmar-Steven-Portocarrero-Mosquera-1536x864.jpeg 1536w, https:\/\/cnctulua.tv\/wp-content\/uploads\/2025\/05\/PT.-Filmar-Steven-Portocarrero-Mosquera.jpeg 1600w\" sizes=\"auto, (max-width: 1024px) 100vw, 1024px\" \/><\/figure>\n\n\n\n<p>La Fiscal\u00eda tambi\u00e9n indic\u00f3 que los polic\u00edas habr\u00edan alterado documentos oficiales al consignar en el libro de poblaci\u00f3n que el ciudadano hab\u00eda salido de la estaci\u00f3n en buenas condiciones, informaci\u00f3n que fue desmentida por los reportes m\u00e9dicos y testimonios de familiares.<\/p>\n\n\n\n<p>La captura de los tres funcionarios se logr\u00f3 gracias a un trabajo conjunto entre el Cuerpo T\u00e9cnico de Investigaci\u00f3n (CTI) y la Sij\u00edn. Los implicados fueron enviados a la c\u00e1rcel de la Polic\u00eda Nacional en Facatativ\u00e1 (Cundinamarca), donde deber\u00e1n cumplir medida de aseguramiento mientras avanza el proceso judicial.<\/p>\n\n\n\n<p>Los cargos que enfrentan incluyen tortura, secuestro y falsedad ideol\u00f3gica en documento p\u00fablico, delitos que podr\u00edan acarrear penas significativas si se comprueba su responsabilidad.<\/p>\n\n\n\n<figure class=\"wp-block-video\"><\/figure>\n","protected":false},"excerpt":{"rendered":"<p>Tres miembros activos de la Polic\u00eda Nacional fueron capturados en las \u00faltimas horas en Palmira (Valle del Cauca) y Pasto (Nari\u00f1o), luego de que un juez de circuito ordenara su detenci\u00f3n preventiva tras acoger un recurso de apelaci\u00f3n presentado por la Fiscal\u00eda General de la Naci\u00f3n. Los uniformados fueron identificados como el subintendente William Andr\u00e9s [&hellip;]<\/p>\n","protected":false},"author":3,"featured_media":34001,"comment_status":"open","ping_status":"open","sticky":false,"template":"","format":"video","meta":{"footnotes":""},"categories":[10],"tags":[],"class_list":["post-34000","post","type-post","status-publish","format-video","has-post-thumbnail","hentry","category-cnc-noticias-tulua","post_format-post-format-video"],"_links":{"self":[{"href":"https:\/\/cnctulua.tv\/index.php?rest_route=\/wp\/v2\/posts\/34000","targetHints":{"allow":["GET"]}}],"collection":[{"href":"https:\/\/cnctulua.tv\/index.php?rest_route=\/wp\/v2\/posts"}],"about":[{"href":"https:\/\/cnctulua.tv\/index.php?rest_route=\/wp\/v2\/types\/post"}],"author":[{"embeddable":true,"href":"https:\/\/cnctulua.tv\/index.php?rest_route=\/wp\/v2\/users\/3"}],"replies":[{"embeddable":true,"href":"https:\/\/cnctulua.tv\/index.php?rest_route=%2Fwp%2Fv2%2Fcomments&post=34000"}],"version-history":[{"count":1,"href":"https:\/\/cnctulua.tv\/index.php?rest_route=\/wp\/v2\/posts\/34000\/revisions"}],"predecessor-version":[{"id":34003,"href":"https:\/\/cnctulua.tv\/index.php?rest_route=\/wp\/v2\/posts\/34000\/revisions\/34003"}],"wp:featuredmedia":[{"embeddable":true,"href":"https:\/\/cnctulua.tv\/index.php?rest_route=\/wp\/v2\/media\/34001"}],"wp:attachment":[{"href":"https:\/\/cnctulua.tv\/index.php?rest_route=%2Fwp%2Fv2%2Fmedia&parent=34000"}],"wp:term":[{"taxonomy":"category","embeddable":true,"href":"https:\/\/cnctulua.tv\/index.php?rest_route=%2Fwp%2Fv2%2Fcategories&post=34000"},{"taxonomy":"post_tag","embeddable":true,"href":"https:\/\/cnctulua.tv\/index.php?rest_route=%2Fwp%2Fv2%2Ftags&post=34000"}],"curies":[{"name":"wp","href":"https:\/\/api.w.org\/{rel}","templated":true}]}}