{"id":34018,"date":"2025-05-12T19:59:28","date_gmt":"2025-05-12T19:59:28","guid":{"rendered":"https:\/\/cnctulua.tv\/?p=34018"},"modified":"2025-05-12T19:59:28","modified_gmt":"2025-05-12T19:59:28","slug":"los-abuelos-cuentan-2-una-manana-de-historias-y-memorias-que-unen-generaciones-en-bugalagrande","status":"publish","type":"post","link":"https:\/\/cnctulua.tv\/?p=34018","title":{"rendered":"\u201cLOS ABUELOS CUENTAN 2\u201d una ma\u00f1ana de historias y memorias que unen generaciones en Bugalagrande"},"content":{"rendered":"\n<p>El pasado viernes, la estaci\u00f3n del ferrocarril de Bugalagrande fue escenario de un evento que conmovi\u00f3 a toda la comunidad: la segunda edici\u00f3n de \u201cLos Abuelos Cuentan, Bugalagrande en el tiempo\u201d. La Fundaci\u00f3n YANAY, en colaboraci\u00f3n con los abuelos y la comunidad local, organiz\u00f3 una jornada que se convirti\u00f3 en un tributo a la memoria hist\u00f3rica del municipio, donde las historias de vida de los mayores se entrelazaron con las vivencias de los m\u00e1s j\u00f3venes.<\/p>\n\n\n\n<figure class=\"wp-block-embed is-type-video is-provider-youtube wp-block-embed-youtube wp-embed-aspect-16-9 wp-has-aspect-ratio\"><div class=\"wp-block-embed__wrapper\">\n<iframe loading=\"lazy\" title=\"\ud83c\udfa5 &quot;Los Abuelos Cuentan 2&quot; en Bugalagrande: Una lecci\u00f3n de vida y tradici\u00f3n que nunca olvidaremos \ud83d\udc75\ud83d\udc74\" width=\"640\" height=\"360\" src=\"https:\/\/www.youtube.com\/embed\/qWUOai6Oe0s?feature=oembed\" frameborder=\"0\" allow=\"accelerometer; autoplay; clipboard-write; encrypted-media; gyroscope; picture-in-picture; web-share\" referrerpolicy=\"strict-origin-when-cross-origin\" allowfullscreen><\/iframe>\n<\/div><\/figure>\n\n\n\n<p>Desde temprano, la estaci\u00f3n fue el punto de encuentro donde los abuelos, con su sabidur\u00eda y cari\u00f1o, compartieron relatos de \u00e9pocas pasadas. Las nuevas generaciones, representadas por ni\u00f1os y j\u00f3venes, escucharon atentamente, mientras los abuelos narraban, entre risas y emociones, c\u00f3mo fue forjada la identidad de Bugalagrande. Juan Camilo C\u00e1rdenas, encargado de la ense\u00f1anza de m\u00fasica en la Fundaci\u00f3n YANAY, destac\u00f3 el valor de estos encuentros: \u201cEllos no solo nos dan medicina ni m\u00fasica, nos ofrecen algo mucho m\u00e1s grande: a\u00f1os de experiencia, historias que son patrimonio de la comunidad\u201d.<\/p>\n\n\n\n<p>Para Mauricio Zorrilla Bola\u00f1os, conductor del evento, el encuentro fue una experiencia \u00fanica. \u201cEscuchar a los abuelos contar sus historias fue como viajar al pasado, revivir los momentos m\u00e1s importantes de Bugalagrande, esos que muchos de nosotros desconocemos. Fue muy especial tenerlos aqu\u00ed, d\u00e1ndonos esa oportunidad\u201d, expres\u00f3 con emoci\u00f3n.<\/p>\n\n\n\n<p>Los asistentes, entre ellos Jos\u00e9 Itamar Tamayo, bugalagrande\u00f1o y fiel seguidor de las tradiciones locales, celebraron la importancia de este tipo de actividades. \u201cNo est\u00e1 en los libros, ni en las c\u00e1tedras, pero estas vivencias son esenciales para entender nuestra historia. Y lo mejor es que ahora queda registrado en video, para que no se olvide, para que las futuras generaciones puedan conocer lo que los abuelos vivieron\u201d, afirm\u00f3.<\/p>\n\n\n\n<p>La Fundaci\u00f3n YANAY, liderada por Alba Luc\u00eda Z\u00fa\u00f1iga, ha logrado no solo rescatar la memoria hist\u00f3rica de Bugalagrande, sino tambi\u00e9n integrar a las nuevas generaciones en este proceso. \u201cEl objetivo de estos eventos es acercar a los abuelos a los ni\u00f1os y j\u00f3venes, para que se conozcan y aprendan unos de otros. Es una forma de fortalecer el tejido social\u201d, coment\u00f3 C\u00e1rdenas.<\/p>\n\n\n\n<p>Por su parte, Fabio Hern\u00e1n Potes, del Centro de Historia de Tulu\u00e1, felicit\u00f3 a la Fundaci\u00f3n por la realizaci\u00f3n del evento. \u201cEs un acto fundamental para la memoria de cualquier municipio. Lo que han hecho aqu\u00ed hoy es invaluable. Estos relatos quedan guardados, no solo en los recuerdos, sino en documentos que podr\u00e1n consultarse por generaciones futuras\u201d, concluy\u00f3.<\/p>\n\n\n\n<p>\u201cLos Abuelos Cuentan\u201d fue m\u00e1s que un evento, fue una celebraci\u00f3n del legado que los abuelos dejan a la comunidad, un espacio para detenerse y reflexionar sobre el valor de las historias que, aunque no se escriben en los libros, son la esencia de lo que hoy es Bugalagrande. Sin duda, un momento que quedar\u00e1 grabado en los corazones de todos los asistentes y que marcar\u00e1 el inicio de muchos m\u00e1s encuentros intergeneracionales en el futuro.<\/p>\n\n\n\n<figure class=\"wp-block-video\"><\/figure>\n","protected":false},"excerpt":{"rendered":"<p>El pasado viernes, la estaci\u00f3n del ferrocarril de Bugalagrande fue escenario de un evento que conmovi\u00f3 a toda la comunidad: la segunda edici\u00f3n de \u201cLos Abuelos Cuentan, Bugalagrande en el tiempo\u201d. La Fundaci\u00f3n YANAY, en colaboraci\u00f3n con los abuelos y la comunidad local, organiz\u00f3 una jornada que se convirti\u00f3 en un tributo a la memoria [&hellip;]<\/p>\n","protected":false},"author":3,"featured_media":34019,"comment_status":"open","ping_status":"open","sticky":false,"template":"","format":"video","meta":{"footnotes":""},"categories":[10],"tags":[],"class_list":["post-34018","post","type-post","status-publish","format-video","has-post-thumbnail","hentry","category-cnc-noticias-tulua","post_format-post-format-video"],"_links":{"self":[{"href":"https:\/\/cnctulua.tv\/index.php?rest_route=\/wp\/v2\/posts\/34018","targetHints":{"allow":["GET"]}}],"collection":[{"href":"https:\/\/cnctulua.tv\/index.php?rest_route=\/wp\/v2\/posts"}],"about":[{"href":"https:\/\/cnctulua.tv\/index.php?rest_route=\/wp\/v2\/types\/post"}],"author":[{"embeddable":true,"href":"https:\/\/cnctulua.tv\/index.php?rest_route=\/wp\/v2\/users\/3"}],"replies":[{"embeddable":true,"href":"https:\/\/cnctulua.tv\/index.php?rest_route=%2Fwp%2Fv2%2Fcomments&post=34018"}],"version-history":[{"count":1,"href":"https:\/\/cnctulua.tv\/index.php?rest_route=\/wp\/v2\/posts\/34018\/revisions"}],"predecessor-version":[{"id":34020,"href":"https:\/\/cnctulua.tv\/index.php?rest_route=\/wp\/v2\/posts\/34018\/revisions\/34020"}],"wp:featuredmedia":[{"embeddable":true,"href":"https:\/\/cnctulua.tv\/index.php?rest_route=\/wp\/v2\/media\/34019"}],"wp:attachment":[{"href":"https:\/\/cnctulua.tv\/index.php?rest_route=%2Fwp%2Fv2%2Fmedia&parent=34018"}],"wp:term":[{"taxonomy":"category","embeddable":true,"href":"https:\/\/cnctulua.tv\/index.php?rest_route=%2Fwp%2Fv2%2Fcategories&post=34018"},{"taxonomy":"post_tag","embeddable":true,"href":"https:\/\/cnctulua.tv\/index.php?rest_route=%2Fwp%2Fv2%2Ftags&post=34018"}],"curies":[{"name":"wp","href":"https:\/\/api.w.org\/{rel}","templated":true}]}}