{"id":34021,"date":"2025-05-12T20:02:24","date_gmt":"2025-05-12T20:02:24","guid":{"rendered":"https:\/\/cnctulua.tv\/?p=34021"},"modified":"2025-05-12T20:02:24","modified_gmt":"2025-05-12T20:02:24","slug":"los-abuelos-cuentan-2-deja-un-legado-de-sabiduria-y-tradicion-en-bugalagrande","status":"publish","type":"post","link":"https:\/\/cnctulua.tv\/?p=34021","title":{"rendered":"\u00abLos Abuelos Cuentan 2\u00bb deja un LEGADO DE SABIDUR\u00cdA Y TRADICI\u00d3N en Bugalagrande"},"content":{"rendered":"\n<p>El pasado viernes, en el coraz\u00f3n de Bugalagrande, se celebr\u00f3 un evento que fue mucho m\u00e1s que una simple reuni\u00f3n: \u00abLos Abuelos Cuentan\u00bb, organizado por la Fundaci\u00f3n YANAY, se consolid\u00f3 como un verdadero homenaje a los mayores de la comunidad, un evento lleno de emoci\u00f3n, historias, y aprendizajes que trascendieron generaciones.<\/p>\n\n\n\n<p>Este encuentro, que lleg\u00f3 a su segunda versi\u00f3n, fue una oportunidad para que los abuelos compartieran sus relatos, muchos de los cuales formaron la base de la historia del pueblo. Pero tambi\u00e9n fue una oportunidad para que las nuevas generaciones comprendieran la importancia de escuchar a quienes han sido testigos de los cambios en la regi\u00f3n, quienes, con cada palabra, transmiten la esencia misma de la vida y la tradici\u00f3n local.<\/p>\n\n\n\n<p>Guillermo Le\u00f3n Wallens Paredes, uno de los abuelos homenajeados, expres\u00f3 con gran sinceridad y pasi\u00f3n su gratitud por ser parte de esta iniciativa. A sus a\u00f1os, su visi\u00f3n sobre el pueblo y sobre lo que realmente importa qued\u00f3 clara: la alegr\u00eda es el alma de cualquier comunidad. \u00abSi no hay alegr\u00eda en un pueblo, ese pueblo est\u00e1 muerto\u00bb, dijo, dejando claro que los eventos que re\u00fanen a la comunidad, en especial a los m\u00e1s mayores, son esenciales para mantener viva la chispa de la esperanza. Sin embargo, su mensaje no se detuvo all\u00ed: subray\u00f3 el valor de la juventud como el futuro del pa\u00eds, un futuro que debe crecer en un ambiente de amor, respeto y valores s\u00f3lidos. \u00abCon Dios somos muchos, sin \u00c9l no somos nada\u00bb, concluy\u00f3 Guillermo, recordando que los j\u00f3venes tambi\u00e9n tienen el deber de cuidar y valorar a sus abuelos, quienes son los pilares de la historia familiar.<\/p>\n\n\n\n<figure class=\"wp-block-embed is-type-video is-provider-youtube wp-block-embed-youtube wp-embed-aspect-16-9 wp-has-aspect-ratio\"><div class=\"wp-block-embed__wrapper\">\n<iframe loading=\"lazy\" title=\"\u00a1Vive la Experiencia de Los Abuelos Cuentan en Bugalagrande! | Sabidur\u00eda y Tradici\u00f3n\" width=\"640\" height=\"360\" src=\"https:\/\/www.youtube.com\/embed\/pM6XNz55zWI?feature=oembed\" frameborder=\"0\" allow=\"accelerometer; autoplay; clipboard-write; encrypted-media; gyroscope; picture-in-picture; web-share\" referrerpolicy=\"strict-origin-when-cross-origin\" allowfullscreen><\/iframe>\n<\/div><\/figure>\n\n\n\n<p>Por otro lado, Lesbia Mar\u00eda Chaparro de Arias, otra de las abuelas homenajeadas, reflexion\u00f3 sobre el trato hacia los mayores en la sociedad actual. \u00abA veces los abuelos no somos atendidos como deber\u00edamos, pero eventos como este demuestran que somos valorados\u00bb, coment\u00f3 con voz emocionada. Lesbia no solo celebr\u00f3 el evento, sino que hizo un llamado a la juventud para que no pierda de vista el papel fundamental de los abuelos como narradores de la historia. Seg\u00fan ella, \u00ablos abuelos tienen mucho que contar, y si no los escuchamos, \u00bfc\u00f3mo sabremos nuestra propia historia?\u00bb.<\/p>\n\n\n\n<p>Desde una perspectiva m\u00e1s amplia, el evento demostr\u00f3 algo crucial: la importancia de reconocer y valorar las ra\u00edces, de conectar con lo que nos ha hecho ser quienes somos. En un mundo tan acelerado, donde muchas veces se pierde el contacto con las generaciones mayores, \u00abLos Abuelos Cuentan\u00bb sirvi\u00f3 como un recordatorio de que las historias del pasado son vitales para entender el presente y construir un mejor futuro.<\/p>\n\n\n\n<p>La Fundaci\u00f3n YANAY, encabezada por Alba Luc\u00eda Z\u00fa\u00f1iga, quien es una figura clave en la organizaci\u00f3n de este evento, destac\u00f3 la relevancia de este tipo de actividades para fortalecer los lazos familiares y comunitarios. \u00abEs necesario seguir creando espacios como este, donde las voces de los abuelos no solo sean escuchadas, sino tambi\u00e9n respetadas y valoradas por las nuevas generaciones\u00bb, manifest\u00f3 Z\u00fa\u00f1iga.<\/p>\n\n\n\n<p>El impacto de este evento trasciende la simple conmemoraci\u00f3n de los abuelos, pues se trata de una llamada de atenci\u00f3n sobre c\u00f3mo las comunidades pueden mejorar cuando se reconoce la importancia de todas las edades. En este sentido, \u00abLos Abuelos Cuentan\u00bb no solo rescat\u00f3 historias del pasado, sino que tambi\u00e9n sembr\u00f3 una semilla de respeto y aprendizaje entre los j\u00f3venes y los mayores, construyendo puentes que perdurar\u00e1n por generaciones.<\/p>\n\n\n\n<p>As\u00ed, Bugalagrande no solo celebra a sus abuelos, sino que, tambi\u00e9n apuesta por el fortalecimiento de sus valores y tradiciones, recordando que una comunidad que escucha a sus mayores es una comunidad con una visi\u00f3n de futuro m\u00e1s rica y s\u00f3lida. El evento fue un verdadero testimonio de que la sabidur\u00eda de los abuelos no solo debe ser preservada, sino tambi\u00e9n celebrada y compartida.<\/p>\n\n\n\n<figure class=\"wp-block-video\"><\/figure>\n","protected":false},"excerpt":{"rendered":"<p>El pasado viernes, en el coraz\u00f3n de Bugalagrande, se celebr\u00f3 un evento que fue mucho m\u00e1s que una simple reuni\u00f3n: \u00abLos Abuelos Cuentan\u00bb, organizado por la Fundaci\u00f3n YANAY, se consolid\u00f3 como un verdadero homenaje a los mayores de la comunidad, un evento lleno de emoci\u00f3n, historias, y aprendizajes que trascendieron generaciones. Este encuentro, que lleg\u00f3 [&hellip;]<\/p>\n","protected":false},"author":3,"featured_media":34022,"comment_status":"open","ping_status":"open","sticky":false,"template":"","format":"video","meta":{"footnotes":""},"categories":[10],"tags":[],"class_list":["post-34021","post","type-post","status-publish","format-video","has-post-thumbnail","hentry","category-cnc-noticias-tulua","post_format-post-format-video"],"_links":{"self":[{"href":"https:\/\/cnctulua.tv\/index.php?rest_route=\/wp\/v2\/posts\/34021","targetHints":{"allow":["GET"]}}],"collection":[{"href":"https:\/\/cnctulua.tv\/index.php?rest_route=\/wp\/v2\/posts"}],"about":[{"href":"https:\/\/cnctulua.tv\/index.php?rest_route=\/wp\/v2\/types\/post"}],"author":[{"embeddable":true,"href":"https:\/\/cnctulua.tv\/index.php?rest_route=\/wp\/v2\/users\/3"}],"replies":[{"embeddable":true,"href":"https:\/\/cnctulua.tv\/index.php?rest_route=%2Fwp%2Fv2%2Fcomments&post=34021"}],"version-history":[{"count":1,"href":"https:\/\/cnctulua.tv\/index.php?rest_route=\/wp\/v2\/posts\/34021\/revisions"}],"predecessor-version":[{"id":34023,"href":"https:\/\/cnctulua.tv\/index.php?rest_route=\/wp\/v2\/posts\/34021\/revisions\/34023"}],"wp:featuredmedia":[{"embeddable":true,"href":"https:\/\/cnctulua.tv\/index.php?rest_route=\/wp\/v2\/media\/34022"}],"wp:attachment":[{"href":"https:\/\/cnctulua.tv\/index.php?rest_route=%2Fwp%2Fv2%2Fmedia&parent=34021"}],"wp:term":[{"taxonomy":"category","embeddable":true,"href":"https:\/\/cnctulua.tv\/index.php?rest_route=%2Fwp%2Fv2%2Fcategories&post=34021"},{"taxonomy":"post_tag","embeddable":true,"href":"https:\/\/cnctulua.tv\/index.php?rest_route=%2Fwp%2Fv2%2Ftags&post=34021"}],"curies":[{"name":"wp","href":"https:\/\/api.w.org\/{rel}","templated":true}]}}