{"id":34038,"date":"2025-05-12T20:44:13","date_gmt":"2025-05-12T20:44:13","guid":{"rendered":"https:\/\/cnctulua.tv\/?p=34038"},"modified":"2025-05-12T20:44:13","modified_gmt":"2025-05-12T20:44:13","slug":"tulua-vivio-su-primer-festival-de-la-marimba-en-un-evento-descentralizado-en-el-coliseo-de-pesas","status":"publish","type":"post","link":"https:\/\/cnctulua.tv\/?p=34038","title":{"rendered":"Tulu\u00e1 vivi\u00f3 su primer FESTIVAL DE LA MARIMBA en un evento descentralizado en el Coliseo de Pesas"},"content":{"rendered":"\n<p>El pasado s\u00e1bado, en el Coliseo de Pesas de Tulu\u00e1, se celebr\u00f3 la primera edici\u00f3n del Festival de la Marimba, organizado por el Departamento Administrativo de Arte y Cultura. Este evento tuvo un enfoque especial: descentralizar los servicios para que los ciudadanos pudieran acceder a diversas ofertas institucionales y culturales en un mismo espacio.<\/p>\n\n\n\n<p>El Secretario Privado de la Alcald\u00eda de Tulu\u00e1, Santiago Guzm\u00e1n Prada, explic\u00f3 que, adem\u00e1s de la presentaci\u00f3n de m\u00fasica y danzas tradicionales del Pac\u00edfico, el festival sirvi\u00f3 como plataforma para que la comunidad accediera a servicios como la vacunaci\u00f3n canina y felina, atenci\u00f3n de salud, y asesor\u00eda en temas de bienestar social y adulto mayor. \u201cEste evento permiti\u00f3 a la comunidad disfrutar de una jornada de bebidas ancestrales, gastronom\u00eda y artesan\u00edas, adem\u00e1s de facilitar el acceso a los servicios que m\u00e1s requieren\u201d, dijo Guzm\u00e1n.<\/p>\n\n\n\n<figure class=\"wp-block-embed is-type-video is-provider-youtube wp-block-embed-youtube wp-embed-aspect-16-9 wp-has-aspect-ratio\"><div class=\"wp-block-embed__wrapper\">\n<iframe loading=\"lazy\" title=\"\ud83e\udd41 El Primer Festival de la Marimba en Tulu\u00e1: Cultura, Salud y Emprendimiento\" width=\"640\" height=\"360\" src=\"https:\/\/www.youtube.com\/embed\/bVYjsslB8tk?feature=oembed\" frameborder=\"0\" allow=\"accelerometer; autoplay; clipboard-write; encrypted-media; gyroscope; picture-in-picture; web-share\" referrerpolicy=\"strict-origin-when-cross-origin\" allowfullscreen><\/iframe>\n<\/div><\/figure>\n\n\n\n<p>La Secretar\u00eda de Bienestar Social, bajo la direcci\u00f3n de Karol Ber\u00f3n Ortiz, tambi\u00e9n particip\u00f3 activamente en la jornada con programas de apoyo social. Se ofrecieron ciclos de pagos a los beneficiarios de programas nacionales como Red Ciudadana y el Adulto Mayor, adem\u00e1s de actividades psicosociales para mejorar el bienestar emocional de los asistentes.<\/p>\n\n\n\n<p>En el marco de la jornada, Guzm\u00e1n destac\u00f3 la importancia de descentralizar estos servicios, un esfuerzo que busca llevar a los ciudadanos m\u00e1s cerca de la administraci\u00f3n p\u00fablica y facilitarles el acceso a los beneficios sociales. Adem\u00e1s, se\u00f1al\u00f3 que el evento se realiz\u00f3 en el Coliseo de Pesas, un espacio que hab\u00eda estado desocupado debido a algunas fallas estructurales y problemas con el sistema energ\u00e9tico. Afortunadamente, gracias a las gestiones del alcalde Gustavo Adolfo, el escenario estuvo en condiciones para recibir a la comunidad.<\/p>\n\n\n\n<p>Desde el punto de vista cultural, el festival tambi\u00e9n dej\u00f3 una huella importante. La marimba y otros elementos musicales tradicionales del Pac\u00edfico fueron los protagonistas del evento, y el p\u00fablico disfrut\u00f3 de presentaciones que resaltaron la diversidad y riqueza cultural de la regi\u00f3n.<\/p>\n\n\n\n<p>Por su parte, la Secretar\u00eda de Salud y la Inspecci\u00f3n de Polic\u00eda tambi\u00e9n se hicieron presentes, brindando asistencia y asesoramiento sobre temas de salud y seguridad. Adem\u00e1s, los emprendedores locales tuvieron la oportunidad de exhibir sus productos y servicios, en una clara apuesta por el fortalecimiento de la econom\u00eda local.<\/p>\n\n\n\n<p>Este evento marca el inicio de una serie de actividades descentralizadas, las cuales buscan seguir acercando los servicios del gobierno a la comunidad, especialmente a los sectores m\u00e1s vulnerables, como lo destac\u00f3 Santiago Guzm\u00e1n. \u00abVamos a seguir llevando estos espacios a diferentes barrios para que todos los tulue\u00f1os puedan acceder a ellos\u00bb, asegur\u00f3.<\/p>\n\n\n\n<figure class=\"wp-block-video\"><\/figure>\n","protected":false},"excerpt":{"rendered":"<p>El pasado s\u00e1bado, en el Coliseo de Pesas de Tulu\u00e1, se celebr\u00f3 la primera edici\u00f3n del Festival de la Marimba, organizado por el Departamento Administrativo de Arte y Cultura. Este evento tuvo un enfoque especial: descentralizar los servicios para que los ciudadanos pudieran acceder a diversas ofertas institucionales y culturales en un mismo espacio. El [&hellip;]<\/p>\n","protected":false},"author":3,"featured_media":34062,"comment_status":"open","ping_status":"open","sticky":false,"template":"","format":"video","meta":{"footnotes":""},"categories":[10],"tags":[],"class_list":["post-34038","post","type-post","status-publish","format-video","has-post-thumbnail","hentry","category-cnc-noticias-tulua","post_format-post-format-video"],"_links":{"self":[{"href":"https:\/\/cnctulua.tv\/index.php?rest_route=\/wp\/v2\/posts\/34038","targetHints":{"allow":["GET"]}}],"collection":[{"href":"https:\/\/cnctulua.tv\/index.php?rest_route=\/wp\/v2\/posts"}],"about":[{"href":"https:\/\/cnctulua.tv\/index.php?rest_route=\/wp\/v2\/types\/post"}],"author":[{"embeddable":true,"href":"https:\/\/cnctulua.tv\/index.php?rest_route=\/wp\/v2\/users\/3"}],"replies":[{"embeddable":true,"href":"https:\/\/cnctulua.tv\/index.php?rest_route=%2Fwp%2Fv2%2Fcomments&post=34038"}],"version-history":[{"count":1,"href":"https:\/\/cnctulua.tv\/index.php?rest_route=\/wp\/v2\/posts\/34038\/revisions"}],"predecessor-version":[{"id":34039,"href":"https:\/\/cnctulua.tv\/index.php?rest_route=\/wp\/v2\/posts\/34038\/revisions\/34039"}],"wp:featuredmedia":[{"embeddable":true,"href":"https:\/\/cnctulua.tv\/index.php?rest_route=\/wp\/v2\/media\/34062"}],"wp:attachment":[{"href":"https:\/\/cnctulua.tv\/index.php?rest_route=%2Fwp%2Fv2%2Fmedia&parent=34038"}],"wp:term":[{"taxonomy":"category","embeddable":true,"href":"https:\/\/cnctulua.tv\/index.php?rest_route=%2Fwp%2Fv2%2Fcategories&post=34038"},{"taxonomy":"post_tag","embeddable":true,"href":"https:\/\/cnctulua.tv\/index.php?rest_route=%2Fwp%2Fv2%2Ftags&post=34038"}],"curies":[{"name":"wp","href":"https:\/\/api.w.org\/{rel}","templated":true}]}}