{"id":34040,"date":"2025-05-12T20:43:21","date_gmt":"2025-05-12T20:43:21","guid":{"rendered":"https:\/\/cnctulua.tv\/?p=34040"},"modified":"2025-05-12T20:43:21","modified_gmt":"2025-05-12T20:43:21","slug":"la-marimba-lucha-por-no-desaparecer-que-impacto-tuvo-el-primer-festival-de-la-marimba-en-tulua","status":"publish","type":"post","link":"https:\/\/cnctulua.tv\/?p=34040","title":{"rendered":"\u00a1LA MARIMBA LUCHA POR NO DESAPARECER! \u00bfQu\u00e9 impacto tuvo el Primer Festival de la Marimba en Tulu\u00e1?"},"content":{"rendered":"\n<p>El pasado s\u00e1bado 10 de mayo, Tulu\u00e1 fue testigo de una vibrante muestra de cultura, en el marco del Primer Festival de la Marimba, celebrado en el Coliseo de Pesas de la ciudad. Este evento, impulsado por el Departamento de Arte y Cultura de la Alcald\u00eda, se enmarc\u00f3 en la conmemoraci\u00f3n del D\u00eda Internacional de la Marimba, instrumento declarado Patrimonio Inmaterial de la Humanidad. La jornada no solo celebr\u00f3 la m\u00fasica ancestral del Pac\u00edfico, sino que tambi\u00e9n se convirti\u00f3 en una plataforma para la descentralizaci\u00f3n de servicios municipales, brindando a los habitantes de la comuna una oportunidad de acercarse a la cultura y a la oferta institucional de su ciudad.<\/p>\n\n\n\n<p>Desde una perspectiva cultural, el festival represent\u00f3 una oportunidad \u00fanica para revivir y fortalecer las tradiciones musicales del Pac\u00edfico, una regi\u00f3n de Colombia reconocida por su riqueza cultural y su conexi\u00f3n profunda con la marimba. Gisela Calero, Directora del Departamento de Arte y Cultura de Tulu\u00e1, destac\u00f3 la importancia de este evento en la revitalizaci\u00f3n de las expresiones culturales. \u201cEste tipo de actividades permiten que las personas se conecten con sus ra\u00edces, y lo m\u00e1s bonito es que, al ser descentralizadas, llevamos la cultura directamente a la gente, en sus barrios, en sus comunidades\u201d, coment\u00f3 Calero.<\/p>\n\n\n\n<figure class=\"wp-block-embed is-type-video is-provider-youtube wp-block-embed-youtube wp-embed-aspect-16-9 wp-has-aspect-ratio\"><div class=\"wp-block-embed__wrapper\">\n<iframe loading=\"lazy\" title=\"\ud83c\udfb6 Tulu\u00e1 Vive el Primer Festival de la Marimba: Un Encuentro Cultural \u00danico \ud83c\udf1f\" width=\"640\" height=\"360\" src=\"https:\/\/www.youtube.com\/embed\/osrFF6SXG8Q?feature=oembed\" frameborder=\"0\" allow=\"accelerometer; autoplay; clipboard-write; encrypted-media; gyroscope; picture-in-picture; web-share\" referrerpolicy=\"strict-origin-when-cross-origin\" allowfullscreen><\/iframe>\n<\/div><\/figure>\n\n\n\n<p>El festival cont\u00f3 con la participaci\u00f3n de varios grupos musicales de la regi\u00f3n, quienes ofrecieron al p\u00fablico no solo conciertos, sino una verdadera experiencia de inmersi\u00f3n en la m\u00fasica tradicional del Pac\u00edfico. Entre los asistentes, \u00c9dison Caicedo, Profesional en M\u00fasica del Pac\u00edfico, destac\u00f3 la relevancia de preservar y compartir estas tradiciones. \u201cLa marimba no es solo un instrumento; es un veh\u00edculo de nuestra identidad cultural. Hoy, al celebrarla, le estamos dando voz a las historias que han formado a nuestro pueblo. La paz que buscamos tambi\u00e9n se construye a trav\u00e9s de la cultura\u201d, expres\u00f3 Caicedo, subrayando la funci\u00f3n social y transformadora de la m\u00fasica en la construcci\u00f3n de una comunidad m\u00e1s cohesionada.<\/p>\n\n\n\n<p>Este evento cultural no solo fue un espacio para el disfrute de la m\u00fasica, sino tambi\u00e9n un punto de encuentro para diversas actividades, como la promoci\u00f3n de emprendimientos locales, la atenci\u00f3n en salud a trav\u00e9s de la descentralizaci\u00f3n de servicios y la participaci\u00f3n de la comunidad en talleres art\u00edsticos. Para Karol Ber\u00f3n Ortiz, Secretaria de Bienestar Social, el evento represent\u00f3 un paso m\u00e1s en la estrategia de acercar el gobierno municipal a la ciudadan\u00eda. \u201cM\u00e1s all\u00e1 de ofrecer cultura, nuestra labor es escuchar y atender las necesidades de los tulue\u00f1os. Estos eventos permiten que los ciudadanos no solo disfruten de su identidad cultural, sino que tambi\u00e9n accedan a los servicios que les pueden mejorar la calidad de vida\u201d, se\u00f1al\u00f3 Ber\u00f3n.<\/p>\n\n\n\n<p>Con una jornada que combin\u00f3 lo mejor de la m\u00fasica tradicional, la cultura y los servicios para la comunidad, el Primer Festival de la Marimba se consolid\u00f3 como una apuesta por mantener vivas las tradiciones del Pac\u00edfico y ofrecer a los tulue\u00f1os una nueva perspectiva sobre su patrimonio. En un mundo que cada vez se globaliza m\u00e1s, festivales como este no solo nos conectan con nuestras ra\u00edces, sino que tambi\u00e9n nos invitan a reflexionar sobre la importancia de preservar lo que nos hace \u00fanicos y, al mismo tiempo, a compartirlo con los dem\u00e1s.<\/p>\n\n\n\n<p>Este evento, organizado por la Alcald\u00eda de Tulu\u00e1, reafirma el compromiso de las autoridades locales con el fortalecimiento de la cultura, la diversidad y la inclusi\u00f3n social, marcando un hito en la historia reciente de la ciudad. El festival no solo celebr\u00f3 la marimba, sino que tambi\u00e9n record\u00f3 a todos los presentes el poder de la m\u00fasica como herramienta de paz, unidad y transformaci\u00f3n.<\/p>\n\n\n\n<figure class=\"wp-block-video\"><\/figure>\n","protected":false},"excerpt":{"rendered":"<p>El pasado s\u00e1bado 10 de mayo, Tulu\u00e1 fue testigo de una vibrante muestra de cultura, en el marco del Primer Festival de la Marimba, celebrado en el Coliseo de Pesas de la ciudad. Este evento, impulsado por el Departamento de Arte y Cultura de la Alcald\u00eda, se enmarc\u00f3 en la conmemoraci\u00f3n del D\u00eda Internacional de [&hellip;]<\/p>\n","protected":false},"author":3,"featured_media":33978,"comment_status":"open","ping_status":"open","sticky":false,"template":"","format":"video","meta":{"footnotes":""},"categories":[10],"tags":[],"class_list":["post-34040","post","type-post","status-publish","format-video","has-post-thumbnail","hentry","category-cnc-noticias-tulua","post_format-post-format-video"],"_links":{"self":[{"href":"https:\/\/cnctulua.tv\/index.php?rest_route=\/wp\/v2\/posts\/34040","targetHints":{"allow":["GET"]}}],"collection":[{"href":"https:\/\/cnctulua.tv\/index.php?rest_route=\/wp\/v2\/posts"}],"about":[{"href":"https:\/\/cnctulua.tv\/index.php?rest_route=\/wp\/v2\/types\/post"}],"author":[{"embeddable":true,"href":"https:\/\/cnctulua.tv\/index.php?rest_route=\/wp\/v2\/users\/3"}],"replies":[{"embeddable":true,"href":"https:\/\/cnctulua.tv\/index.php?rest_route=%2Fwp%2Fv2%2Fcomments&post=34040"}],"version-history":[{"count":1,"href":"https:\/\/cnctulua.tv\/index.php?rest_route=\/wp\/v2\/posts\/34040\/revisions"}],"predecessor-version":[{"id":34041,"href":"https:\/\/cnctulua.tv\/index.php?rest_route=\/wp\/v2\/posts\/34040\/revisions\/34041"}],"wp:featuredmedia":[{"embeddable":true,"href":"https:\/\/cnctulua.tv\/index.php?rest_route=\/wp\/v2\/media\/33978"}],"wp:attachment":[{"href":"https:\/\/cnctulua.tv\/index.php?rest_route=%2Fwp%2Fv2%2Fmedia&parent=34040"}],"wp:term":[{"taxonomy":"category","embeddable":true,"href":"https:\/\/cnctulua.tv\/index.php?rest_route=%2Fwp%2Fv2%2Fcategories&post=34040"},{"taxonomy":"post_tag","embeddable":true,"href":"https:\/\/cnctulua.tv\/index.php?rest_route=%2Fwp%2Fv2%2Ftags&post=34040"}],"curies":[{"name":"wp","href":"https:\/\/api.w.org\/{rel}","templated":true}]}}