{"id":34052,"date":"2025-05-12T20:36:55","date_gmt":"2025-05-12T20:36:55","guid":{"rendered":"https:\/\/cnctulua.tv\/?p=34052"},"modified":"2025-05-12T20:36:55","modified_gmt":"2025-05-12T20:36:55","slug":"investigacion-en-buenaventura-tras-hallazgo-de-cuerpo-sin-vida-de-una-menor-de-17-anos","status":"publish","type":"post","link":"https:\/\/cnctulua.tv\/?p=34052","title":{"rendered":"INVESTIGACI\u00d3N EN BUENAVENTURA tras hallazgo de cuerpo sin vida de una menor de 17 a\u00f1os"},"content":{"rendered":"\n<p>Este lunes, a las 6:00 de la ma\u00f1ana, la central de radio del Distrito Especial de Polic\u00eda de Buenaventura recibi\u00f3 una llamada alertando sobre la presencia de un cuerpo sin vida en el barrio Bajo Caldas. Al llegar al lugar, las patrullas de vigilancia confirmaron que dentro de una vivienda se encontraba el cad\u00e1ver de una menor de 17 a\u00f1os.<\/p>\n\n\n\n<p>La joven, que a\u00fan no ha sido identificada p\u00fablicamente, presentaba varios golpes visibles en su rostro y en distintas partes de su cuerpo, lo que llev\u00f3 a las autoridades a abrir una investigaci\u00f3n por homicidio. La Polic\u00eda Nacional, encabezada por el Mayor Francisco Javier Aristiz\u00e1bal, Comandante del Distrito Especial de Polic\u00eda de Buenaventura, expres\u00f3 su condena ante el suceso y se\u00f1al\u00f3 que se han tomado medidas inmediatas para esclarecer lo sucedido.<\/p>\n\n\n\n<figure class=\"wp-block-embed is-type-video is-provider-youtube wp-block-embed-youtube wp-embed-aspect-16-9 wp-has-aspect-ratio\"><div class=\"wp-block-embed__wrapper\">\n<iframe loading=\"lazy\" title=\"\u00bfQu\u00e9 ocurri\u00f3 en Buenaventura? Menor de 17 a\u00f1os aparece sin vida tras brutal ataque\" width=\"640\" height=\"360\" src=\"https:\/\/www.youtube.com\/embed\/2DU1Q9fnMck?feature=oembed\" frameborder=\"0\" allow=\"accelerometer; autoplay; clipboard-write; encrypted-media; gyroscope; picture-in-picture; web-share\" referrerpolicy=\"strict-origin-when-cross-origin\" allowfullscreen><\/iframe>\n<\/div><\/figure>\n\n\n\n<p>El Mayor Aristiz\u00e1bal manifest\u00f3 su firme compromiso con la investigaci\u00f3n y la b\u00fasqueda de justicia. Para ello, se ha activado un equipo especializado integrado por personal de la Seccional de Investigaci\u00f3n Criminal (SIJIN) y el Cuerpo T\u00e9cnico de Investigaci\u00f3n (CTI), quienes han comenzado las labores para recabar pruebas y determinar las circunstancias de la muerte de la menor.<\/p>\n\n\n\n<p>\u00abLa violencia nunca ser\u00e1 tolerada en nuestra comunidad. Este tipo de hechos nos duele profundamente, y estamos trabajando de manera incansable para dar con los responsables\u00bb, se\u00f1al\u00f3 el Comandante Aristiz\u00e1bal en una declaraci\u00f3n.<\/p>\n\n\n\n<p>El caso ha causado gran preocupaci\u00f3n en la poblaci\u00f3n local, que ha solicitado mayores esfuerzos por parte de las autoridades para garantizar la seguridad en la zona y prevenir futuros cr\u00edmenes. Adem\u00e1s, se ha instado a los ciudadanos a colaborar con la investigaci\u00f3n y proporcionar cualquier informaci\u00f3n que pueda ser \u00fatil para resolver el caso.<\/p>\n\n\n\n<p>La Polic\u00eda Nacional ha asegurado que mantendr\u00e1 informada a la comunidad sobre el avance de las investigaciones, mientras contin\u00faa con el proceso judicial para esclarecer este tr\u00e1gico incidente.<\/p>\n\n\n\n<figure class=\"wp-block-video\"><\/figure>\n","protected":false},"excerpt":{"rendered":"<p>Este lunes, a las 6:00 de la ma\u00f1ana, la central de radio del Distrito Especial de Polic\u00eda de Buenaventura recibi\u00f3 una llamada alertando sobre la presencia de un cuerpo sin vida en el barrio Bajo Caldas. Al llegar al lugar, las patrullas de vigilancia confirmaron que dentro de una vivienda se encontraba el cad\u00e1ver de [&hellip;]<\/p>\n","protected":false},"author":3,"featured_media":34053,"comment_status":"open","ping_status":"open","sticky":false,"template":"","format":"video","meta":{"footnotes":""},"categories":[10],"tags":[],"class_list":["post-34052","post","type-post","status-publish","format-video","has-post-thumbnail","hentry","category-cnc-noticias-tulua","post_format-post-format-video"],"_links":{"self":[{"href":"https:\/\/cnctulua.tv\/index.php?rest_route=\/wp\/v2\/posts\/34052","targetHints":{"allow":["GET"]}}],"collection":[{"href":"https:\/\/cnctulua.tv\/index.php?rest_route=\/wp\/v2\/posts"}],"about":[{"href":"https:\/\/cnctulua.tv\/index.php?rest_route=\/wp\/v2\/types\/post"}],"author":[{"embeddable":true,"href":"https:\/\/cnctulua.tv\/index.php?rest_route=\/wp\/v2\/users\/3"}],"replies":[{"embeddable":true,"href":"https:\/\/cnctulua.tv\/index.php?rest_route=%2Fwp%2Fv2%2Fcomments&post=34052"}],"version-history":[{"count":1,"href":"https:\/\/cnctulua.tv\/index.php?rest_route=\/wp\/v2\/posts\/34052\/revisions"}],"predecessor-version":[{"id":34054,"href":"https:\/\/cnctulua.tv\/index.php?rest_route=\/wp\/v2\/posts\/34052\/revisions\/34054"}],"wp:featuredmedia":[{"embeddable":true,"href":"https:\/\/cnctulua.tv\/index.php?rest_route=\/wp\/v2\/media\/34053"}],"wp:attachment":[{"href":"https:\/\/cnctulua.tv\/index.php?rest_route=%2Fwp%2Fv2%2Fmedia&parent=34052"}],"wp:term":[{"taxonomy":"category","embeddable":true,"href":"https:\/\/cnctulua.tv\/index.php?rest_route=%2Fwp%2Fv2%2Fcategories&post=34052"},{"taxonomy":"post_tag","embeddable":true,"href":"https:\/\/cnctulua.tv\/index.php?rest_route=%2Fwp%2Fv2%2Ftags&post=34052"}],"curies":[{"name":"wp","href":"https:\/\/api.w.org\/{rel}","templated":true}]}}