{"id":34055,"date":"2025-05-12T20:40:49","date_gmt":"2025-05-12T20:40:49","guid":{"rendered":"https:\/\/cnctulua.tv\/?p=34055"},"modified":"2025-05-12T20:40:49","modified_gmt":"2025-05-12T20:40:49","slug":"continua-la-espera-por-la-liberacion-del-menor-secuestrado-en-jamundi-9-dias-sin-respuestas-claras","status":"publish","type":"post","link":"https:\/\/cnctulua.tv\/?p=34055","title":{"rendered":"Contin\u00faa la espera por la liberaci\u00f3n del menor secuestrado en Jamund\u00ed: 9 D\u00cdAS SIN RESPUESTAS CLARAS"},"content":{"rendered":"\n<p>A 9 d\u00edas del secuestro de un menor de 11 a\u00f1os en el corregimiento de Potrerito, en Jamund\u00ed, la familia sigue esperando noticias de la liberaci\u00f3n de su hijo. El ni\u00f1o fue raptado por un grupo armado de hombres con fusiles y pasamonta\u00f1as en su propia vivienda. Desde el primer momento, las autoridades nacionales han implementado varias estrategias para lograr su rescate.<\/p>\n\n\n\n<p>En declaraciones recientes, el general Carlos Oviedo, comandante de la Polic\u00eda Metropolitana de Cali, asegur\u00f3 que la Polic\u00eda Nacional trabaja en coordinaci\u00f3n con organismos internacionales como la ONU, que ha intervenido con una mediaci\u00f3n humanitaria en un intento por lograr la liberaci\u00f3n del menor. \u00abLa Polic\u00eda Metropolitana, junto con el grupo \u00e9lite del Gaula, est\u00e1 avanzando en la investigaci\u00f3n de manera paralela. Estamos esperando que la liberaci\u00f3n ocurra por medio de este proceso de mediaci\u00f3n o, si es necesario, mediante una acci\u00f3n de rescate\u00bb, afirm\u00f3 Oviedo.<\/p>\n\n\n\n<figure class=\"wp-block-embed is-type-video is-provider-youtube wp-block-embed-youtube wp-embed-aspect-16-9 wp-has-aspect-ratio\"><div class=\"wp-block-embed__wrapper\">\n<iframe loading=\"lazy\" title=\"\ud83d\udd34 Jamund\u00ed en alarma: 9 d\u00edas del secuestro de un ni\u00f1o de 11 a\u00f1os - \u00bfQu\u00e9 est\u00e1 haciendo la Polic\u00eda?\" width=\"640\" height=\"360\" src=\"https:\/\/www.youtube.com\/embed\/p4I6YhyTKZA?feature=oembed\" frameborder=\"0\" allow=\"accelerometer; autoplay; clipboard-write; encrypted-media; gyroscope; picture-in-picture; web-share\" referrerpolicy=\"strict-origin-when-cross-origin\" allowfullscreen><\/iframe>\n<\/div><\/figure>\n\n\n\n<p>La situaci\u00f3n se remonta al pasado 3 de mayo, cuando hombres armados ingresaron a la vivienda del menor, en un aparente secuestro extorsivo dirigido inicialmente hacia el padrastro del ni\u00f1o. Sin embargo, el caos generado por la irrupci\u00f3n en la casa llev\u00f3 a que varios miembros de la familia lograran escapar, dejando al menor con la empleada dom\u00e9stica. Este hecho desencaden\u00f3 el secuestro del ni\u00f1o, quien desde entonces permanece en manos de sus captores.<\/p>\n\n\n\n<p>El general Oviedo destac\u00f3 que, desde el momento en que se tuvo conocimiento del secuestro, se estableci\u00f3 un Grupo Especial para brindar acompa\u00f1amiento psicol\u00f3gico y asesor\u00eda a los padres del menor. \u00abEs importante mantener cautela en todo este proceso. Cualquier acci\u00f3n operativa debe considerar la seguridad del menor, y por ello la prudencia es clave\u00bb, se\u00f1al\u00f3.<\/p>\n\n\n\n<p>Las autoridades tambi\u00e9n han dejado claro que el secuestro tiene un m\u00f3vil extorsivo, y que se investiga a la organizaci\u00f3n criminal \u00abJaime Mart\u00ednez\u00bb como responsable del acto. Seg\u00fan las autoridades, los cabecillas de este grupo criminal se encuentran operando en la zona rural del municipio de Jamund\u00ed, lo que ha llevado a un intenso trabajo de investigaci\u00f3n en la regi\u00f3n.<\/p>\n\n\n\n<p>En un esfuerzo por obtener informaci\u00f3n clave sobre los responsables del secuestro, la Gobernaci\u00f3n del Valle del Cauca y la Alcald\u00eda de Cali han ofrecido una recompensa de hasta 200 millones de pesos para quien brinde informaci\u00f3n que conduzca a la captura de los responsables. \u00abGracias a la colaboraci\u00f3n ciudadana hemos recibido diversas llamadas, lo que ha permitido esclarecer varios puntos de la investigaci\u00f3n\u00bb, indic\u00f3 Oviedo.<\/p>\n\n\n\n<p>La familia del menor sigue a la espera de buenas noticias, mientras la Polic\u00eda y otros organismos contin\u00faan trabajando para garantizar la seguridad del ni\u00f1o y su pronta liberaci\u00f3n.<\/p>\n\n\n\n<figure class=\"wp-block-video\"><\/figure>\n","protected":false},"excerpt":{"rendered":"<p>A 9 d\u00edas del secuestro de un menor de 11 a\u00f1os en el corregimiento de Potrerito, en Jamund\u00ed, la familia sigue esperando noticias de la liberaci\u00f3n de su hijo. El ni\u00f1o fue raptado por un grupo armado de hombres con fusiles y pasamonta\u00f1as en su propia vivienda. Desde el primer momento, las autoridades nacionales han [&hellip;]<\/p>\n","protected":false},"author":3,"featured_media":34056,"comment_status":"open","ping_status":"open","sticky":false,"template":"","format":"video","meta":{"footnotes":""},"categories":[10],"tags":[],"class_list":["post-34055","post","type-post","status-publish","format-video","has-post-thumbnail","hentry","category-cnc-noticias-tulua","post_format-post-format-video"],"_links":{"self":[{"href":"https:\/\/cnctulua.tv\/index.php?rest_route=\/wp\/v2\/posts\/34055","targetHints":{"allow":["GET"]}}],"collection":[{"href":"https:\/\/cnctulua.tv\/index.php?rest_route=\/wp\/v2\/posts"}],"about":[{"href":"https:\/\/cnctulua.tv\/index.php?rest_route=\/wp\/v2\/types\/post"}],"author":[{"embeddable":true,"href":"https:\/\/cnctulua.tv\/index.php?rest_route=\/wp\/v2\/users\/3"}],"replies":[{"embeddable":true,"href":"https:\/\/cnctulua.tv\/index.php?rest_route=%2Fwp%2Fv2%2Fcomments&post=34055"}],"version-history":[{"count":1,"href":"https:\/\/cnctulua.tv\/index.php?rest_route=\/wp\/v2\/posts\/34055\/revisions"}],"predecessor-version":[{"id":34057,"href":"https:\/\/cnctulua.tv\/index.php?rest_route=\/wp\/v2\/posts\/34055\/revisions\/34057"}],"wp:featuredmedia":[{"embeddable":true,"href":"https:\/\/cnctulua.tv\/index.php?rest_route=\/wp\/v2\/media\/34056"}],"wp:attachment":[{"href":"https:\/\/cnctulua.tv\/index.php?rest_route=%2Fwp%2Fv2%2Fmedia&parent=34055"}],"wp:term":[{"taxonomy":"category","embeddable":true,"href":"https:\/\/cnctulua.tv\/index.php?rest_route=%2Fwp%2Fv2%2Fcategories&post=34055"},{"taxonomy":"post_tag","embeddable":true,"href":"https:\/\/cnctulua.tv\/index.php?rest_route=%2Fwp%2Fv2%2Ftags&post=34055"}],"curies":[{"name":"wp","href":"https:\/\/api.w.org\/{rel}","templated":true}]}}