{"id":34066,"date":"2025-05-13T19:53:49","date_gmt":"2025-05-13T19:53:49","guid":{"rendered":"https:\/\/cnctulua.tv\/?p=34066"},"modified":"2025-05-13T19:53:49","modified_gmt":"2025-05-13T19:53:49","slug":"quien-mato-a-sandra-sofia-el-feminicidio-que-estremece-a-buenaventura","status":"publish","type":"post","link":"https:\/\/cnctulua.tv\/?p=34066","title":{"rendered":"\u00bfQui\u00e9n mat\u00f3 a Sandra Sof\u00eda? El FEMINICIDIO QUE ESTREMECE A BUENAVENTURA"},"content":{"rendered":"\n<p>Las autoridades confirmaron este lunes 12 de mayo el hallazgo del cuerpo sin vida de una adolescente identificada como Sandra Sof\u00eda Espinosa Sinisterra, de 17 a\u00f1os, en el interior de una vivienda ubicada en el barrio El Caldas, en el puerto de Buenaventura.<\/p>\n\n\n\n<p>Seg\u00fan el reporte oficial, el cuerpo de la joven presentaba signos de tortura y m\u00faltiples heridas causadas con arma cortopunzante, lo que ha llevado a las autoridades a manejar el caso como un presunto feminicidio.<\/p>\n\n\n\n<p>La comandante del Departamento de Polic\u00eda Valle, coronel Sandra Liliana Rodr\u00edguez Castro, inform\u00f3 que la principal hip\u00f3tesis apunta a que el crimen habr\u00eda sido cometido por la pareja sentimental de la v\u00edctima, con quien conviv\u00eda desde hac\u00eda algunos meses.<\/p>\n\n\n\n<p>\u00abGracias al trabajo de nuestro equipo de investigaci\u00f3n criminal, hemos podido establecer que esta persona posiblemente cuenta con antecedentes judiciales. En estos momentos se encuentra pr\u00f3fugo, y la Polic\u00eda Nacional ha desplegado todas sus capacidades para dar con su paradero\u00bb, afirm\u00f3 la oficial.<\/p>\n\n\n\n<figure class=\"wp-block-embed is-type-video is-provider-youtube wp-block-embed-youtube wp-embed-aspect-16-9 wp-has-aspect-ratio\"><div class=\"wp-block-embed__wrapper\">\n<iframe loading=\"lazy\" title=\"#Feminicidio en Buenaventura: \u00bfQui\u00e9n es el responsable del asesinato de Sandra Sof\u00eda? \ud83d\udd75\ufe0f\u200d\u2640\ufe0f\ud83d\udc94\" width=\"640\" height=\"360\" src=\"https:\/\/www.youtube.com\/embed\/duPyWTaXwcg?feature=oembed\" frameborder=\"0\" allow=\"accelerometer; autoplay; clipboard-write; encrypted-media; gyroscope; picture-in-picture; web-share\" referrerpolicy=\"strict-origin-when-cross-origin\" allowfullscreen><\/iframe>\n<\/div><\/figure>\n\n\n\n<p>La coronel Rodr\u00edguez tambi\u00e9n expres\u00f3 un en\u00e9rgico rechazo frente al hecho y realiz\u00f3 un llamado a la ciudadan\u00eda: \u00abInvitamos a los habitantes de Buenaventura a colaborar con informaci\u00f3n que permita ubicar al presunto responsable de este crimen y ponerlo a disposici\u00f3n de las autoridades competentes\u00bb.<\/p>\n\n\n\n<p>Seg\u00fan el testimonio de la madre, esa tarde, para el D\u00eda de la Madre, Sandra Sof\u00eda hab\u00eda decidido no ir a casa de su mam\u00e1. \u201cEl domingo, le hab\u00eda dicho que viniera, pero ella me dijo que no quer\u00eda, que prefer\u00eda quedarse en casa con su hermana. Yo la entend\u00ed, quedamos en vernos m\u00e1s tarde\u201d, record\u00f3 la madre, quien no imaginaba que esos ser\u00edan los \u00faltimos momentos que compartir\u00eda con su hija.<\/p>\n\n\n\n<figure class=\"wp-block-embed is-type-video is-provider-youtube wp-block-embed-youtube wp-embed-aspect-16-9 wp-has-aspect-ratio\"><div class=\"wp-block-embed__wrapper\">\n<iframe loading=\"lazy\" title=\"\u26a0\ufe0f Feminicidio en Buenaventura: La Historia de Sandra Sof\u00eda, una Joven Truncada por la Violencia \u26a0\ufe0f\" width=\"640\" height=\"360\" src=\"https:\/\/www.youtube.com\/embed\/Yy2fNKs-g9o?feature=oembed\" frameborder=\"0\" allow=\"accelerometer; autoplay; clipboard-write; encrypted-media; gyroscope; picture-in-picture; web-share\" referrerpolicy=\"strict-origin-when-cross-origin\" allowfullscreen><\/iframe>\n<\/div><\/figure>\n\n\n\n<p>Horas despu\u00e9s, la madre recibi\u00f3 una llamada que cambiar\u00eda su vida para siempre. \u201cMe llamaron a decirme que la estaban golpeando, que estaba pidiendo auxilio. Yo trat\u00e9 de llegar r\u00e1pido, pero no pude. Cuando llegu\u00e9 a la casa, ya estaba muerta\u201d, expres\u00f3, con la voz quebrada por el dolor. La angustia, el miedo y la impotencia se reflejaban en su rostro mientras rememoraba los \u00faltimos momentos que vivi\u00f3 sin poder salvar a su hija. La madre relat\u00f3 que la joven hab\u00eda sido v\u00edctima de golpes previos por parte de su pareja, pero nunca imagin\u00f3 que la violencia se desatar\u00eda con tal furia.<\/p>\n\n\n\n<p>\u00abMi hija era una ni\u00f1a llena de sue\u00f1os. Quer\u00eda ser polic\u00eda, estudiar, hacer algo bueno por ella y por los dem\u00e1s\u00bb, record\u00f3 entre l\u00e1grimas. Sandra Sof\u00eda, conocida por su cercan\u00eda con la familia y su deseo de superaci\u00f3n, ve\u00eda en su futuro una carrera llena de esperanza. Sin embargo, la violencia le trunc\u00f3 la vida, arrebat\u00e1ndole la oportunidad de alcanzar sus sue\u00f1os. \u00abElla quer\u00eda ser polic\u00eda, siempre estaba atenta a todo, era una buena hija, solo que no ve\u00eda lo que estaba pasando\u00bb, afirm\u00f3 la madre, destrozada por la realidad de lo que su hija hab\u00eda estado viviendo en silencio.<\/p>\n\n\n\n<p>Con el coraz\u00f3n roto y una dolorosa impotencia, la madre hizo un desgarrador llamado a la justicia: \u00abPor favor, que se haga justicia por mi hija, que no quede impune. Ya no tengo a mi hija, pero el que hizo esto tiene que pagar. Les pido a todas las j\u00f3venes que piensen antes de meterse con este tipo de personas, porque eso no es vida para nadie. Miren c\u00f3mo termin\u00f3 mi hija, con solo 17 a\u00f1os\u00bb.<\/p>\n\n\n\n<p>Este feminicidio pone nuevamente sobre la mesa la dura realidad de muchas mujeres j\u00f3venes que sufren en silencio la violencia de g\u00e9nero, muchas veces sin poder escapar de su agresor. La madre de Sandra Sof\u00eda no solo clama por justicia para su hija, sino tambi\u00e9n por un cambio en la sociedad, donde las mujeres puedan vivir sin miedo y sin ser v\u00edctimas de violencia. Mientras las autoridades investigan n los hechos, la familia sigue buscando respuestas y exige que se haga justicia por la p\u00e9rdida de una vida tan joven y prometedora.<\/p>\n\n\n\n<p>El caso de Sandra Sof\u00eda pone de manifiesto la tr\u00e1gica realidad de la violencia de g\u00e9nero que afecta a muchas j\u00f3venes, quienes, en su mayor\u00eda, a\u00fan creen en la posibilidad de un cambio en su agresor, sin imaginar que sus vidas podr\u00edan terminar de una manera tan brutal. La madre de la joven, aunque destrozada, se mantiene firme en su exigencia de justicia, buscando que la muerte de su hija sirva como un llamado de atenci\u00f3n a toda la sociedad.<\/p>\n\n\n\n<p>El pa\u00eds sigue siendo testigo de feminicidios que, como este, desatan un dolor profundo en las familias, dejando vac\u00edos irremplazables y vidas truncadas. La madre de Sandra Sof\u00eda, con una gran valent\u00eda, hace un llamado a las autoridades para que se esclarezca el caso, y pide a las j\u00f3venes que no permitan relaciones violentas, que no callen ni se queden en silencio. Con un nudo en la garganta, remarc\u00f3: \u00abMi hija ya no est\u00e1, pero que su historia sirva para evitar que otras j\u00f3venes vivan lo mismo\u00bb.<\/p>\n\n\n\n<figure class=\"wp-block-video\"><\/figure>\n","protected":false},"excerpt":{"rendered":"<p>Las autoridades confirmaron este lunes 12 de mayo el hallazgo del cuerpo sin vida de una adolescente identificada como Sandra Sof\u00eda Espinosa Sinisterra, de 17 a\u00f1os, en el interior de una vivienda ubicada en el barrio El Caldas, en el puerto de Buenaventura. Seg\u00fan el reporte oficial, el cuerpo de la joven presentaba signos de [&hellip;]<\/p>\n","protected":false},"author":3,"featured_media":34067,"comment_status":"open","ping_status":"open","sticky":false,"template":"","format":"video","meta":{"footnotes":""},"categories":[10],"tags":[],"class_list":["post-34066","post","type-post","status-publish","format-video","has-post-thumbnail","hentry","category-cnc-noticias-tulua","post_format-post-format-video"],"_links":{"self":[{"href":"https:\/\/cnctulua.tv\/index.php?rest_route=\/wp\/v2\/posts\/34066","targetHints":{"allow":["GET"]}}],"collection":[{"href":"https:\/\/cnctulua.tv\/index.php?rest_route=\/wp\/v2\/posts"}],"about":[{"href":"https:\/\/cnctulua.tv\/index.php?rest_route=\/wp\/v2\/types\/post"}],"author":[{"embeddable":true,"href":"https:\/\/cnctulua.tv\/index.php?rest_route=\/wp\/v2\/users\/3"}],"replies":[{"embeddable":true,"href":"https:\/\/cnctulua.tv\/index.php?rest_route=%2Fwp%2Fv2%2Fcomments&post=34066"}],"version-history":[{"count":1,"href":"https:\/\/cnctulua.tv\/index.php?rest_route=\/wp\/v2\/posts\/34066\/revisions"}],"predecessor-version":[{"id":34068,"href":"https:\/\/cnctulua.tv\/index.php?rest_route=\/wp\/v2\/posts\/34066\/revisions\/34068"}],"wp:featuredmedia":[{"embeddable":true,"href":"https:\/\/cnctulua.tv\/index.php?rest_route=\/wp\/v2\/media\/34067"}],"wp:attachment":[{"href":"https:\/\/cnctulua.tv\/index.php?rest_route=%2Fwp%2Fv2%2Fmedia&parent=34066"}],"wp:term":[{"taxonomy":"category","embeddable":true,"href":"https:\/\/cnctulua.tv\/index.php?rest_route=%2Fwp%2Fv2%2Fcategories&post=34066"},{"taxonomy":"post_tag","embeddable":true,"href":"https:\/\/cnctulua.tv\/index.php?rest_route=%2Fwp%2Fv2%2Ftags&post=34066"}],"curies":[{"name":"wp","href":"https:\/\/api.w.org\/{rel}","templated":true}]}}