{"id":34077,"date":"2025-05-13T20:00:46","date_gmt":"2025-05-13T20:00:46","guid":{"rendered":"https:\/\/cnctulua.tv\/?p=34077"},"modified":"2025-05-13T20:00:46","modified_gmt":"2025-05-13T20:00:46","slug":"70-anos-de-solidaridad-las-damas-de-la-caridad-de-tulua-una-historia-de-compasion-en-medio-de-la-violencia","status":"publish","type":"post","link":"https:\/\/cnctulua.tv\/?p=34077","title":{"rendered":"70 A\u00d1OS DE SOLIDARIDAD: Las Damas de la Caridad de Tulu\u00e1, una historia de compasi\u00f3n en medio de la violencia"},"content":{"rendered":"\n<p>Hace exactamente 70 a\u00f1os, el coraz\u00f3n del Valle del Cauca viv\u00eda una de sus \u00e9pocas m\u00e1s oscuras. Era 1955 y la violencia partidista en Colombia hab\u00eda expulsado a cientos de campesinos de sus tierras en las cordilleras Central y Occidental. Muchos llegaron a Tulu\u00e1, sin techo ni alimento, refugi\u00e1ndose bajo los aleros de las casas y cocinando en las calles sin pavimentar. En medio del caos, un grupo de mujeres tulue\u00f1as lideradas por do\u00f1a Mar\u00eda Gardeaz\u00e1bal de \u00c1lvarez encendi\u00f3 una chispa de esperanza.<\/p>\n\n\n\n<figure class=\"wp-block-embed is-type-video is-provider-youtube wp-block-embed-youtube wp-embed-aspect-16-9 wp-has-aspect-ratio\"><div class=\"wp-block-embed__wrapper\">\n<iframe loading=\"lazy\" title=\"La historia olvidada que sostiene a Tulu\u00e1 hace 70 a\u00f1os \ud83d\udd4a\ufe0f Damas de la Caridad\" width=\"640\" height=\"360\" src=\"https:\/\/www.youtube.com\/embed\/JpgTyROk4P0?feature=oembed\" frameborder=\"0\" allow=\"accelerometer; autoplay; clipboard-write; encrypted-media; gyroscope; picture-in-picture; web-share\" referrerpolicy=\"strict-origin-when-cross-origin\" allowfullscreen><\/iframe>\n<\/div><\/figure>\n\n\n\n<p>As\u00ed naci\u00f3 la Asociaci\u00f3n de las Damas de la Caridad, una organizaci\u00f3n espont\u00e1nea y solidaria que desde sus inicios se propuso asistir semanalmente a las familias desplazadas con mercados b\u00e1sicos. Una labor que, como la describir\u00eda a\u00f1os m\u00e1s tarde su hijo, el escritor Gustavo \u00c1lvarez Gardeaz\u00e1bal, fue \u201cquijotesca\u201d.<\/p>\n\n\n\n<p>\u00abNo exist\u00eda la Cruz Roja, ni centros de acopio del Estado. No hab\u00eda nada. Solo la compasi\u00f3n y la determinaci\u00f3n de un grupo de mujeres que no pod\u00edan mirar hacia otro lado\u00bb, recuerda \u00c1lvarez Gardeaz\u00e1bal.<\/p>\n\n\n\n<figure class=\"wp-block-image size-large\"><img loading=\"lazy\" decoding=\"async\" width=\"1024\" height=\"768\" src=\"https:\/\/cnctulua.tv\/wp-content\/uploads\/2025\/05\/IMG_8600-1024x768.jpeg\" alt=\"\" class=\"wp-image-34079\" srcset=\"https:\/\/cnctulua.tv\/wp-content\/uploads\/2025\/05\/IMG_8600-1024x768.jpeg 1024w, https:\/\/cnctulua.tv\/wp-content\/uploads\/2025\/05\/IMG_8600-300x225.jpeg 300w, https:\/\/cnctulua.tv\/wp-content\/uploads\/2025\/05\/IMG_8600-768x576.jpeg 768w, https:\/\/cnctulua.tv\/wp-content\/uploads\/2025\/05\/IMG_8600-1536x1152.jpeg 1536w, https:\/\/cnctulua.tv\/wp-content\/uploads\/2025\/05\/IMG_8600-2048x1536.jpeg 2048w\" sizes=\"auto, (max-width: 1024px) 100vw, 1024px\" \/><\/figure>\n\n\n\n<p>Entre aquellas pioneras se encontraban tambi\u00e9n do\u00f1a Teresa de Ram\u00edrez, do\u00f1a Alba de \u00c1vila, do\u00f1a Teresa de Pel\u00e1ez, Amargola y Luc\u00eda Jaramillo de Echeverr\u00eda, entre otras. Juntas formaron la base de una asociaci\u00f3n que no ten\u00eda renta alguna y que sobreviv\u00eda gracias a la generosidad de los tulue\u00f1os. Tocaban de puerta en puerta, recog\u00edan alimentos, organizaban bazares y hasta fiestas ben\u00e9ficas. Una de ellas, en el Club Colonial, organizada por el mismo Gustavo \u00c1lvarez Gardeaz\u00e1bal para celebrar su cumplea\u00f1os, permiti\u00f3 sostener la asociaci\u00f3n durante varios a\u00f1os.<\/p>\n\n\n\n<figure class=\"wp-block-image size-large\"><img loading=\"lazy\" decoding=\"async\" width=\"1024\" height=\"768\" src=\"https:\/\/cnctulua.tv\/wp-content\/uploads\/2025\/05\/IMG_8601-1024x768.jpeg\" alt=\"\" class=\"wp-image-34080\" srcset=\"https:\/\/cnctulua.tv\/wp-content\/uploads\/2025\/05\/IMG_8601-1024x768.jpeg 1024w, https:\/\/cnctulua.tv\/wp-content\/uploads\/2025\/05\/IMG_8601-300x225.jpeg 300w, https:\/\/cnctulua.tv\/wp-content\/uploads\/2025\/05\/IMG_8601-768x576.jpeg 768w, https:\/\/cnctulua.tv\/wp-content\/uploads\/2025\/05\/IMG_8601-1536x1152.jpeg 1536w, https:\/\/cnctulua.tv\/wp-content\/uploads\/2025\/05\/IMG_8601-2048x1536.jpeg 2048w\" sizes=\"auto, (max-width: 1024px) 100vw, 1024px\" \/><\/figure>\n\n\n\n<p>A pesar del paso del tiempo, la muerte de sus fundadoras y los retos sociales del pa\u00eds, la Asociaci\u00f3n de las Damas de la Caridad sigue viva. Hoy, es la nuera de do\u00f1a Alba quien lidera la organizaci\u00f3n, manteni\u00e9ndola activa con el mismo esp\u00edritu de servicio que la vio nacer.<\/p>\n\n\n\n<p>\u00abYo sigo colaborando cada mes, como si mi madre a\u00fan estuviera al frente\u00bb, dice Gardeaz\u00e1bal, con una mezcla de nostalgia y orgullo.<\/p>\n\n\n\n<p>En este aniversario n\u00famero 70, Tulu\u00e1 recuerda no solo a las mujeres que fundaron una instituci\u00f3n esencial para la ciudad, sino tambi\u00e9n a una generaci\u00f3n que entendi\u00f3 el verdadero sentido de la palabra caridad: amor al pr\u00f3jimo, entrega desinteresada y compromiso con la dignidad humana.<\/p>\n\n\n\n<figure class=\"wp-block-video\"><\/figure>\n","protected":false},"excerpt":{"rendered":"<p>Hace exactamente 70 a\u00f1os, el coraz\u00f3n del Valle del Cauca viv\u00eda una de sus \u00e9pocas m\u00e1s oscuras. Era 1955 y la violencia partidista en Colombia hab\u00eda expulsado a cientos de campesinos de sus tierras en las cordilleras Central y Occidental. Muchos llegaron a Tulu\u00e1, sin techo ni alimento, refugi\u00e1ndose bajo los aleros de las casas [&hellip;]<\/p>\n","protected":false},"author":3,"featured_media":34078,"comment_status":"open","ping_status":"open","sticky":false,"template":"","format":"video","meta":{"footnotes":""},"categories":[10],"tags":[],"class_list":["post-34077","post","type-post","status-publish","format-video","has-post-thumbnail","hentry","category-cnc-noticias-tulua","post_format-post-format-video"],"_links":{"self":[{"href":"https:\/\/cnctulua.tv\/index.php?rest_route=\/wp\/v2\/posts\/34077","targetHints":{"allow":["GET"]}}],"collection":[{"href":"https:\/\/cnctulua.tv\/index.php?rest_route=\/wp\/v2\/posts"}],"about":[{"href":"https:\/\/cnctulua.tv\/index.php?rest_route=\/wp\/v2\/types\/post"}],"author":[{"embeddable":true,"href":"https:\/\/cnctulua.tv\/index.php?rest_route=\/wp\/v2\/users\/3"}],"replies":[{"embeddable":true,"href":"https:\/\/cnctulua.tv\/index.php?rest_route=%2Fwp%2Fv2%2Fcomments&post=34077"}],"version-history":[{"count":1,"href":"https:\/\/cnctulua.tv\/index.php?rest_route=\/wp\/v2\/posts\/34077\/revisions"}],"predecessor-version":[{"id":34081,"href":"https:\/\/cnctulua.tv\/index.php?rest_route=\/wp\/v2\/posts\/34077\/revisions\/34081"}],"wp:featuredmedia":[{"embeddable":true,"href":"https:\/\/cnctulua.tv\/index.php?rest_route=\/wp\/v2\/media\/34078"}],"wp:attachment":[{"href":"https:\/\/cnctulua.tv\/index.php?rest_route=%2Fwp%2Fv2%2Fmedia&parent=34077"}],"wp:term":[{"taxonomy":"category","embeddable":true,"href":"https:\/\/cnctulua.tv\/index.php?rest_route=%2Fwp%2Fv2%2Fcategories&post=34077"},{"taxonomy":"post_tag","embeddable":true,"href":"https:\/\/cnctulua.tv\/index.php?rest_route=%2Fwp%2Fv2%2Ftags&post=34077"}],"curies":[{"name":"wp","href":"https:\/\/api.w.org\/{rel}","templated":true}]}}