{"id":34088,"date":"2025-05-13T20:07:43","date_gmt":"2025-05-13T20:07:43","guid":{"rendered":"https:\/\/cnctulua.tv\/?p=34088"},"modified":"2025-05-13T20:07:43","modified_gmt":"2025-05-13T20:07:43","slug":"inicia-el-programa-talento-y-reserva-deportiva-2025-arqueros-del-valle-comienzan-su-preparacion","status":"publish","type":"post","link":"https:\/\/cnctulua.tv\/?p=34088","title":{"rendered":"Inicia el programa TALENTO Y RESERVA DEPORTIVA 2025: arqueros del Valle comienzan su preparaci\u00f3n"},"content":{"rendered":"\n<p>Con los ojos puestos en el futuro del deporte vallecaucano, arrancaron los campamentos de Talento y Reserva Deportiva 2025, un espacio donde los j\u00f3venes m\u00e1s prometedores de la regi\u00f3n comienzan a demostrar de qu\u00e9 est\u00e1n hechos. En esta primera jornada, los arqueros tomaron la delantera, siendo el primer grupo en participar de este proyecto que tiene como objetivo descubrir y formar a los nuevos campeones que representar\u00e1n al Valle del Cauca en las pr\u00f3ximas d\u00e9cadas.<\/p>\n\n\n\n<p>El tiro con arco fue seleccionado como la disciplina inaugural, ya que hist\u00f3ricamente ha sido una de las m\u00e1s destacadas en el departamento. Durante este campamento, los atletas fueron evaluados bajo una serie de pruebas t\u00e9cnicas, f\u00edsicas y biom\u00e9dicas, con el fin de identificar a aquellos que cuenten con las cualidades necesarias para dar el siguiente paso en su carrera deportiva.<\/p>\n\n\n\n<figure class=\"wp-block-embed is-type-video is-provider-youtube wp-block-embed-youtube wp-embed-aspect-16-9 wp-has-aspect-ratio\"><div class=\"wp-block-embed__wrapper\">\n<iframe loading=\"lazy\" title=\"\ud83c\udff9 Arrancan los Campamentos Talento Deportivo 2025: Arqueros del Valle inician su camino\" width=\"640\" height=\"360\" src=\"https:\/\/www.youtube.com\/embed\/87YioqALGBM?feature=oembed\" frameborder=\"0\" allow=\"accelerometer; autoplay; clipboard-write; encrypted-media; gyroscope; picture-in-picture; web-share\" referrerpolicy=\"strict-origin-when-cross-origin\" allowfullscreen><\/iframe>\n<\/div><\/figure>\n\n\n\n<p>70 nuevos talentos ser\u00e1n seleccionados en diversas disciplinas, y el tiro con arco es solo el comienzo. La selecci\u00f3n de nuevos deportistas tambi\u00e9n abarcar\u00e1 otras modalidades como atletismo, patinaje, nataci\u00f3n, ciclismo, levantamiento de pesas, lucha ol\u00edmpica, taekwondo, boxeo y karate. Con un enfoque integral, el programa no solo busca evaluar las habilidades deportivas de los j\u00f3venes, sino tambi\u00e9n el entorno social y familiar que los rodea, asegurando as\u00ed un crecimiento personal y deportivo m\u00e1s s\u00f3lido.<\/p>\n\n\n\n<p>El campamento fue un verdadero centro de aprendizaje, con entrenadores y especialistas guiando a los j\u00f3venes en cada una de las pruebas. Entre los participantes, Mar\u00eda Fernanda Pinillo, arquera de Jamund\u00ed, destac\u00f3 lo importante que es este tipo de iniciativas en un contexto donde el presupuesto para el deporte est\u00e1 en crisis. \u201cEste programa es una excelente oportunidad, especialmente cuando las condiciones a nivel nacional no son las mejores para los deportistas\u201d, coment\u00f3 Pinillo.<\/p>\n\n\n\n<figure class=\"wp-block-image size-large\"><img loading=\"lazy\" decoding=\"async\" width=\"1024\" height=\"768\" src=\"https:\/\/cnctulua.tv\/wp-content\/uploads\/2025\/05\/WhatsApp-Image-2025-05-13-at-8.19.02-AM-2-1024x768.jpeg\" alt=\"\" class=\"wp-image-34090\" srcset=\"https:\/\/cnctulua.tv\/wp-content\/uploads\/2025\/05\/WhatsApp-Image-2025-05-13-at-8.19.02-AM-2-1024x768.jpeg 1024w, https:\/\/cnctulua.tv\/wp-content\/uploads\/2025\/05\/WhatsApp-Image-2025-05-13-at-8.19.02-AM-2-300x225.jpeg 300w, https:\/\/cnctulua.tv\/wp-content\/uploads\/2025\/05\/WhatsApp-Image-2025-05-13-at-8.19.02-AM-2-768x576.jpeg 768w, https:\/\/cnctulua.tv\/wp-content\/uploads\/2025\/05\/WhatsApp-Image-2025-05-13-at-8.19.02-AM-2.jpeg 1280w\" sizes=\"auto, (max-width: 1024px) 100vw, 1024px\" \/><\/figure>\n\n\n\n<p>En la misma l\u00ednea, Juan Diego Salazar, arquero de Yumbo, tambi\u00e9n dej\u00f3 clara su motivaci\u00f3n: \u201cEste tipo de programas nos da una oportunidad \u00fanica de mostrar lo que tenemos y, con suerte, ser seleccionados para representar al Valle. Estoy muy enfocado en llegar lejos\u201d, asegur\u00f3.<\/p>\n\n\n\n<p>Manuela Ojeda, de Palmira, tambi\u00e9n expres\u00f3 su emoci\u00f3n por participar en este proyecto. \u201cEstoy dando lo mejor de m\u00ed en todas las pruebas, tanto f\u00edsicas como psicol\u00f3gicas, con la esperanza de ser seleccionada para representar al departamento en futuros campeonatos\u201d, coment\u00f3 con optimismo.<\/p>\n\n\n\n<figure class=\"wp-block-image size-large\"><img loading=\"lazy\" decoding=\"async\" width=\"1024\" height=\"682\" src=\"https:\/\/cnctulua.tv\/wp-content\/uploads\/2025\/05\/WhatsApp-Image-2025-05-13-at-8.19.04-AM-1024x682.jpeg\" alt=\"\" class=\"wp-image-34091\" srcset=\"https:\/\/cnctulua.tv\/wp-content\/uploads\/2025\/05\/WhatsApp-Image-2025-05-13-at-8.19.04-AM-1024x682.jpeg 1024w, https:\/\/cnctulua.tv\/wp-content\/uploads\/2025\/05\/WhatsApp-Image-2025-05-13-at-8.19.04-AM-300x200.jpeg 300w, https:\/\/cnctulua.tv\/wp-content\/uploads\/2025\/05\/WhatsApp-Image-2025-05-13-at-8.19.04-AM-768x511.jpeg 768w, https:\/\/cnctulua.tv\/wp-content\/uploads\/2025\/05\/WhatsApp-Image-2025-05-13-at-8.19.04-AM.jpeg 1280w\" sizes=\"auto, (max-width: 1024px) 100vw, 1024px\" \/><\/figure>\n\n\n\n<p>Este tipo de programas no solo buscan detectar a los futuros atletas de \u00e9lite, sino tambi\u00e9n ofrecerles las herramientas necesarias para potenciar sus capacidades y garantizar que tengan las mejores condiciones para brillar en el deporte. El Talento y Reserva Deportiva 2025 es el primer paso en una serie de acciones para asegurar que el Valle del Cauca siga siendo una de las potencias deportivas m\u00e1s importantes del pa\u00eds.<\/p>\n\n\n\n<p>Con la mirada en el medallero y el futuro de los pr\u00f3ximos campeones, estos j\u00f3venes prometen seguir dejando en alto el nombre del Valle del Cauca, un departamento que no solo es famoso por su cultura y belleza, sino tambi\u00e9n por ser una aut\u00e9ntica cuna de campeones.<\/p>\n\n\n\n<figure class=\"wp-block-video\"><\/figure>\n","protected":false},"excerpt":{"rendered":"<p>Con los ojos puestos en el futuro del deporte vallecaucano, arrancaron los campamentos de Talento y Reserva Deportiva 2025, un espacio donde los j\u00f3venes m\u00e1s prometedores de la regi\u00f3n comienzan a demostrar de qu\u00e9 est\u00e1n hechos. En esta primera jornada, los arqueros tomaron la delantera, siendo el primer grupo en participar de este proyecto que [&hellip;]<\/p>\n","protected":false},"author":3,"featured_media":34089,"comment_status":"open","ping_status":"open","sticky":false,"template":"","format":"video","meta":{"footnotes":""},"categories":[10],"tags":[],"class_list":["post-34088","post","type-post","status-publish","format-video","has-post-thumbnail","hentry","category-cnc-noticias-tulua","post_format-post-format-video"],"_links":{"self":[{"href":"https:\/\/cnctulua.tv\/index.php?rest_route=\/wp\/v2\/posts\/34088","targetHints":{"allow":["GET"]}}],"collection":[{"href":"https:\/\/cnctulua.tv\/index.php?rest_route=\/wp\/v2\/posts"}],"about":[{"href":"https:\/\/cnctulua.tv\/index.php?rest_route=\/wp\/v2\/types\/post"}],"author":[{"embeddable":true,"href":"https:\/\/cnctulua.tv\/index.php?rest_route=\/wp\/v2\/users\/3"}],"replies":[{"embeddable":true,"href":"https:\/\/cnctulua.tv\/index.php?rest_route=%2Fwp%2Fv2%2Fcomments&post=34088"}],"version-history":[{"count":1,"href":"https:\/\/cnctulua.tv\/index.php?rest_route=\/wp\/v2\/posts\/34088\/revisions"}],"predecessor-version":[{"id":34092,"href":"https:\/\/cnctulua.tv\/index.php?rest_route=\/wp\/v2\/posts\/34088\/revisions\/34092"}],"wp:featuredmedia":[{"embeddable":true,"href":"https:\/\/cnctulua.tv\/index.php?rest_route=\/wp\/v2\/media\/34089"}],"wp:attachment":[{"href":"https:\/\/cnctulua.tv\/index.php?rest_route=%2Fwp%2Fv2%2Fmedia&parent=34088"}],"wp:term":[{"taxonomy":"category","embeddable":true,"href":"https:\/\/cnctulua.tv\/index.php?rest_route=%2Fwp%2Fv2%2Fcategories&post=34088"},{"taxonomy":"post_tag","embeddable":true,"href":"https:\/\/cnctulua.tv\/index.php?rest_route=%2Fwp%2Fv2%2Ftags&post=34088"}],"curies":[{"name":"wp","href":"https:\/\/api.w.org\/{rel}","templated":true}]}}