{"id":34173,"date":"2025-05-20T19:22:12","date_gmt":"2025-05-20T19:22:12","guid":{"rendered":"https:\/\/cnctulua.tv\/?p=34173"},"modified":"2025-05-20T19:22:12","modified_gmt":"2025-05-20T19:22:12","slug":"gustavo-alvarez-gardeazabal-recibe-el-titulo-de-miembro-honorario-en-reconocimiento-a-su-legado-familiar-y-compromiso-social","status":"publish","type":"post","link":"https:\/\/cnctulua.tv\/?p=34173","title":{"rendered":"Gustavo \u00c1lvarez Gardeaz\u00e1bal recibe el t\u00edtulo de miembro honorario en reconocimiento a su legado familiar y compromiso social."},"content":{"rendered":"\n<p>En el marco de la conmemoraci\u00f3n de sus 70 a\u00f1os de labor social, la Asociaci\u00f3n Damas de la Caridad rindi\u00f3 un emotivo homenaje al escritor y l\u00edder vallecaucano Gustavo \u00c1lvarez Gardeaz\u00e1bal, otorg\u00e1ndole el t\u00edtulo de miembro honorario de la instituci\u00f3n.<\/p>\n\n\n\n<p>El reconocimiento adquiri\u00f3 un valor simb\u00f3lico especial debido a la conexi\u00f3n personal del homenajeado con la historia de la asociaci\u00f3n. Su madre, do\u00f1a Mar\u00eda Gardeaz\u00e1bal de \u00c1lvarez, fue una de las fundadoras de esta organizaci\u00f3n que desde hace siete d\u00e9cadas trabaja por los sectores m\u00e1s vulnerables de la comunidad. Su legado de entrega, generosidad y compromiso social contin\u00faa vigente en cada una de las acciones que la asociaci\u00f3n realiza en la actualidad.<\/p>\n\n\n\n<figure class=\"wp-block-embed is-type-video is-provider-youtube wp-block-embed-youtube wp-embed-aspect-16-9 wp-has-aspect-ratio\"><div class=\"wp-block-embed__wrapper\">\n<iframe loading=\"lazy\" title=\"\ud83c\udfa5 70 a\u00f1os de historia: el escritor Gardeaz\u00e1bal y el legado de su madre fundadora\" width=\"640\" height=\"360\" src=\"https:\/\/www.youtube.com\/embed\/HuyGskfrgVs?feature=oembed\" frameborder=\"0\" allow=\"accelerometer; autoplay; clipboard-write; encrypted-media; gyroscope; picture-in-picture; web-share\" referrerpolicy=\"strict-origin-when-cross-origin\" allowfullscreen><\/iframe>\n<\/div><\/figure>\n\n\n\n<p>Durante el evento conmemorativo, al que asistieron miembros fundadores, voluntarias, aliados estrat\u00e9gicos y representantes de la comunidad, se destac\u00f3 la importancia de preservar la memoria hist\u00f3rica de la instituci\u00f3n y reconocer a quienes, de manera directa o heredada, han contribuido al fortalecimiento de su misi\u00f3n.<\/p>\n\n\n\n<p>\u201cEl v\u00ednculo entre la familia Gardeaz\u00e1bal y nuestra asociaci\u00f3n va m\u00e1s all\u00e1 de la historia. Es una herencia de valores que sigue inspirando nuestro trabajo\u201d, se\u00f1al\u00f3 una de las voceras del comit\u00e9 organizador.<\/p>\n\n\n\n<p>Este reconocimiento no solo resalta la trayectoria p\u00fablica de Gustavo \u00c1lvarez Gardeaz\u00e1bal, ampliamente conocido por su obra literaria y su activismo, sino que tambi\u00e9n pone en valor la trascendencia de los lazos familiares en la construcci\u00f3n de una cultura de servicio y responsabilidad social.<\/p>\n\n\n\n<p>La jornada, adem\u00e1s de ser un homenaje al pasado, fue una mirada esperanzadora hacia el futuro, reafirmando el compromiso de la Asociaci\u00f3n Damas de la Caridad con la solidaridad, el trabajo comunitario y la defensa de la dignidad humana.<\/p>\n\n\n\n<figure class=\"wp-block-video\"><\/figure>\n","protected":false},"excerpt":{"rendered":"<p>En el marco de la conmemoraci\u00f3n de sus 70 a\u00f1os de labor social, la Asociaci\u00f3n Damas de la Caridad rindi\u00f3 un emotivo homenaje al escritor y l\u00edder vallecaucano Gustavo \u00c1lvarez Gardeaz\u00e1bal, otorg\u00e1ndole el t\u00edtulo de miembro honorario de la instituci\u00f3n. El reconocimiento adquiri\u00f3 un valor simb\u00f3lico especial debido a la conexi\u00f3n personal del homenajeado con [&hellip;]<\/p>\n","protected":false},"author":3,"featured_media":34178,"comment_status":"open","ping_status":"open","sticky":false,"template":"","format":"video","meta":{"footnotes":""},"categories":[1],"tags":[],"class_list":["post-34173","post","type-post","status-publish","format-video","has-post-thumbnail","hentry","category-uncategorized","post_format-post-format-video"],"_links":{"self":[{"href":"https:\/\/cnctulua.tv\/index.php?rest_route=\/wp\/v2\/posts\/34173","targetHints":{"allow":["GET"]}}],"collection":[{"href":"https:\/\/cnctulua.tv\/index.php?rest_route=\/wp\/v2\/posts"}],"about":[{"href":"https:\/\/cnctulua.tv\/index.php?rest_route=\/wp\/v2\/types\/post"}],"author":[{"embeddable":true,"href":"https:\/\/cnctulua.tv\/index.php?rest_route=\/wp\/v2\/users\/3"}],"replies":[{"embeddable":true,"href":"https:\/\/cnctulua.tv\/index.php?rest_route=%2Fwp%2Fv2%2Fcomments&post=34173"}],"version-history":[{"count":1,"href":"https:\/\/cnctulua.tv\/index.php?rest_route=\/wp\/v2\/posts\/34173\/revisions"}],"predecessor-version":[{"id":34174,"href":"https:\/\/cnctulua.tv\/index.php?rest_route=\/wp\/v2\/posts\/34173\/revisions\/34174"}],"wp:featuredmedia":[{"embeddable":true,"href":"https:\/\/cnctulua.tv\/index.php?rest_route=\/wp\/v2\/media\/34178"}],"wp:attachment":[{"href":"https:\/\/cnctulua.tv\/index.php?rest_route=%2Fwp%2Fv2%2Fmedia&parent=34173"}],"wp:term":[{"taxonomy":"category","embeddable":true,"href":"https:\/\/cnctulua.tv\/index.php?rest_route=%2Fwp%2Fv2%2Fcategories&post=34173"},{"taxonomy":"post_tag","embeddable":true,"href":"https:\/\/cnctulua.tv\/index.php?rest_route=%2Fwp%2Fv2%2Ftags&post=34173"}],"curies":[{"name":"wp","href":"https:\/\/api.w.org\/{rel}","templated":true}]}}