{"id":34198,"date":"2025-05-20T19:32:12","date_gmt":"2025-05-20T19:32:12","guid":{"rendered":"https:\/\/cnctulua.tv\/?p=34198"},"modified":"2025-05-20T19:32:12","modified_gmt":"2025-05-20T19:32:12","slug":"casi-30-dias-de-angustia-autoridades-siguen-buscando-al-menor-secuestrado-en-jamundi","status":"publish","type":"post","link":"https:\/\/cnctulua.tv\/?p=34198","title":{"rendered":"Casi 30 d\u00edas de angustia: autoridades siguen buscando al menor secuestrado en Jamund\u00ed"},"content":{"rendered":"\n<p>Han transcurrido casi cuatro semanas desde el secuestro de Lyan Jos\u00e9 Hort\u00faa Bonilla, un ni\u00f1o de 11 a\u00f1os, quien fue raptado el pasado 3 de mayo en su hogar, en el corregimiento de Potrerito, municipio de Jamund\u00ed, Valle del Cauca. El menor fue secuestrado por un grupo armado ilegal, presuntamente disidente de las FARC, conocido como el frente Jaime Mart\u00ednez.<\/p>\n\n\n\n<p>Desde el primer momento, las autoridades colombianas han intensificado los esfuerzos de b\u00fasqueda. La Polic\u00eda Nacional, en conjunto con la Fiscal\u00eda General de la Naci\u00f3n y el Ej\u00e9rcito, contin\u00faa con la l\u00ednea investigativa en busca de los responsables del secuestro y para asegurar el rescate del menor. El Brigadier General Carlos Germ\u00e1n Oviedo Lamprea, comandante de la Polic\u00eda Metropolitana de Santiago de Cali, ha informado que ya se est\u00e1n identificando y materializando las \u00f3rdenes de captura contra los responsables, tanto intelectuales como materiales.<\/p>\n\n\n\n<figure class=\"wp-block-embed is-type-video is-provider-youtube wp-block-embed-youtube wp-embed-aspect-16-9 wp-has-aspect-ratio\"><div class=\"wp-block-embed__wrapper\">\n<iframe loading=\"lazy\" title=\"\ud83d\udd0e La intensa b\u00fasqueda de Lyan Jos\u00e9: Un mes sin respuestas claras en Jamund\u00ed\" width=\"640\" height=\"360\" src=\"https:\/\/www.youtube.com\/embed\/7S4T3tCfQ34?feature=oembed\" frameborder=\"0\" allow=\"accelerometer; autoplay; clipboard-write; encrypted-media; gyroscope; picture-in-picture; web-share\" referrerpolicy=\"strict-origin-when-cross-origin\" allowfullscreen><\/iframe>\n<\/div><\/figure>\n\n\n\n<p>\u201cEstamos avanzando en el proceso investigativo, con el apoyo de la Fiscal\u00eda y el Ej\u00e9rcito, para dar con los responsables y lograr la liberaci\u00f3n de Lyan Jos\u00e9. El caso sigue siendo una prioridad para las autoridades nacionales\u201d, se\u00f1al\u00f3 el Brigadier General Oviedo.<\/p>\n\n\n\n<p>El caso ha generado gran alarma en la comunidad local. Vecinos de Jamund\u00ed y Cali han organizado diversas manifestaciones y marchas exigiendo la liberaci\u00f3n del ni\u00f1o. Adem\u00e1s, varias organizaciones internacionales, como la Cruz Roja Internacional y las Naciones Unidas, han ofrecido su apoyo para facilitar la mediaci\u00f3n humanitaria en la resoluci\u00f3n del caso.<\/p>\n\n\n\n<p>Aunque en las primeras semanas se cre\u00eda que el menor podr\u00eda estar en los alrededores de Villa Colombia, las autoridades no han confirmado a\u00fan su ubicaci\u00f3n exacta. A pesar de los desaf\u00edos log\u00edsticos y la presencia de grupos armados ilegales en la zona, las autoridades siguen trabajando en la investigaci\u00f3n y en el desarrollo de estrategias para localizar al ni\u00f1o.<\/p>\n\n\n\n<p>El secuestro ha puesto de relieve la situaci\u00f3n de seguridad en algunas regiones rurales del Valle del Cauca, donde la presencia de grupos disidentes de las FARC contin\u00faa siendo un problema significativo. La Polic\u00eda Nacional, el Ej\u00e9rcito y otras autoridades contin\u00faan con los operativos, buscando la liberaci\u00f3n de Lyan Jos\u00e9 y la captura de los responsables del delito.<\/p>\n\n\n\n<p>A casi un mes del secuestro, la familia de Lyan Jos\u00e9 sigue esperando noticias sobre su hijo. Las autoridades reiteran su compromiso de seguir adelante con el proceso hasta lograr una resoluci\u00f3n favorable, mientras que la comunidad contin\u00faa apoyando a la familia en su b\u00fasqueda.<\/p>\n\n\n\n<figure class=\"wp-block-video\"><\/figure>\n","protected":false},"excerpt":{"rendered":"<p>Han transcurrido casi cuatro semanas desde el secuestro de Lyan Jos\u00e9 Hort\u00faa Bonilla, un ni\u00f1o de 11 a\u00f1os, quien fue raptado el pasado 3 de mayo en su hogar, en el corregimiento de Potrerito, municipio de Jamund\u00ed, Valle del Cauca. El menor fue secuestrado por un grupo armado ilegal, presuntamente disidente de las FARC, conocido [&hellip;]<\/p>\n","protected":false},"author":3,"featured_media":34199,"comment_status":"open","ping_status":"open","sticky":false,"template":"","format":"video","meta":{"footnotes":""},"categories":[1],"tags":[],"class_list":["post-34198","post","type-post","status-publish","format-video","has-post-thumbnail","hentry","category-uncategorized","post_format-post-format-video"],"_links":{"self":[{"href":"https:\/\/cnctulua.tv\/index.php?rest_route=\/wp\/v2\/posts\/34198","targetHints":{"allow":["GET"]}}],"collection":[{"href":"https:\/\/cnctulua.tv\/index.php?rest_route=\/wp\/v2\/posts"}],"about":[{"href":"https:\/\/cnctulua.tv\/index.php?rest_route=\/wp\/v2\/types\/post"}],"author":[{"embeddable":true,"href":"https:\/\/cnctulua.tv\/index.php?rest_route=\/wp\/v2\/users\/3"}],"replies":[{"embeddable":true,"href":"https:\/\/cnctulua.tv\/index.php?rest_route=%2Fwp%2Fv2%2Fcomments&post=34198"}],"version-history":[{"count":1,"href":"https:\/\/cnctulua.tv\/index.php?rest_route=\/wp\/v2\/posts\/34198\/revisions"}],"predecessor-version":[{"id":34200,"href":"https:\/\/cnctulua.tv\/index.php?rest_route=\/wp\/v2\/posts\/34198\/revisions\/34200"}],"wp:featuredmedia":[{"embeddable":true,"href":"https:\/\/cnctulua.tv\/index.php?rest_route=\/wp\/v2\/media\/34199"}],"wp:attachment":[{"href":"https:\/\/cnctulua.tv\/index.php?rest_route=%2Fwp%2Fv2%2Fmedia&parent=34198"}],"wp:term":[{"taxonomy":"category","embeddable":true,"href":"https:\/\/cnctulua.tv\/index.php?rest_route=%2Fwp%2Fv2%2Fcategories&post=34198"},{"taxonomy":"post_tag","embeddable":true,"href":"https:\/\/cnctulua.tv\/index.php?rest_route=%2Fwp%2Fv2%2Ftags&post=34198"}],"curies":[{"name":"wp","href":"https:\/\/api.w.org\/{rel}","templated":true}]}}