{"id":34374,"date":"2025-05-26T21:01:52","date_gmt":"2025-05-26T21:01:52","guid":{"rendered":"https:\/\/cnctulua.tv\/?p=34374"},"modified":"2025-05-26T21:01:52","modified_gmt":"2025-05-26T21:01:52","slug":"capturan-en-cali-a-dos-cabecillas-vinculados-a-ivan-mordisco-y-la-estructura-jaime-martinez","status":"publish","type":"post","link":"https:\/\/cnctulua.tv\/?p=34374","title":{"rendered":"Capturan en Cali a dos cabecillas vinculados a Iv\u00e1n Mordisco y la estructura Jaime Mart\u00ednez"},"content":{"rendered":"\n<p>En una operaci\u00f3n conjunta realizada en el barrio Alfonso L\u00f3pez de Cali, tropas del Ej\u00e9rcito Nacional, en coordinaci\u00f3n con la Direcci\u00f3n de Antinarc\u00f3ticos de la Polic\u00eda Nacional y la Fiscal\u00eda General de la Naci\u00f3n, capturaron a dos presuntos cabecillas de una red criminal vinculada al narcotr\u00e1fico y al grupo armado residual conocido como la Estructura Jaime Mart\u00ednez.<\/p>\n\n\n\n<figure class=\"wp-block-embed is-type-video is-provider-youtube wp-block-embed-youtube wp-embed-aspect-16-9 wp-has-aspect-ratio\"><div class=\"wp-block-embed__wrapper\">\n<iframe loading=\"lazy\" title=\"Capturan cabecillas del narcotr\u00e1fico en Cali: \u00bfQu\u00e9 significa para la ciudad? \ud83e\udd14\ud83d\udca5\" width=\"640\" height=\"360\" src=\"https:\/\/www.youtube.com\/embed\/5DCxv0womDE?feature=oembed\" frameborder=\"0\" allow=\"accelerometer; autoplay; clipboard-write; encrypted-media; gyroscope; picture-in-picture; web-share\" referrerpolicy=\"strict-origin-when-cross-origin\" allowfullscreen><\/iframe>\n<\/div><\/figure>\n\n\n\n<p>Los detenidos fueron identificados como Carlos Mauricio Arboleda Velasco, alias Gazella, y Wallinton Cundum\u00ed Ardila, alias Wallis. Seg\u00fan las investigaciones, estos individuos lideraban la log\u00edstica para el acopio, preparaci\u00f3n y env\u00edo mensual de aproximadamente una tonelada de clorhidrato de coca\u00edna hacia pa\u00edses de Am\u00e9rica del Sur y Norteam\u00e9rica.<\/p>\n\n\n\n<p>Esta red criminal operaba en estrecha alianza con la estructura liderada por Iv\u00e1n Mordisco, uno de los principales narcotraficantes del pa\u00eds. La organizaci\u00f3n habr\u00eda generado p\u00e9rdidas econ\u00f3micas al mercado interno por m\u00e1s de 5.200 millones de pesos y cerca de 33 millones de d\u00f3lares en el mercado internacional.<\/p>\n\n\n\n<p>Alias Gazella y Wallis habr\u00edan actuado bajo las \u00f3rdenes de alias Jairo, cabecilla de finanzas de la estructura, y coordinaban sus actividades desde los departamentos del Cauca y Valle del Cauca. Las autoridades resaltan que esta captura representa un golpe significativo contra el narcotr\u00e1fico y el crimen organizado en la regi\u00f3n. Los capturados fueron puestos a disposici\u00f3n de las autoridades judiciales para continuar con el proceso legal que les imputar\u00e1 cargos por su presunta participaci\u00f3n en actividades ilegales relacionadas con el narcotr\u00e1fico y la violencia asociada.<\/p>\n\n\n\n<figure class=\"wp-block-video\"><\/figure>\n","protected":false},"excerpt":{"rendered":"<p>En una operaci\u00f3n conjunta realizada en el barrio Alfonso L\u00f3pez de Cali, tropas del Ej\u00e9rcito Nacional, en coordinaci\u00f3n con la Direcci\u00f3n de Antinarc\u00f3ticos de la Polic\u00eda Nacional y la Fiscal\u00eda General de la Naci\u00f3n, capturaron a dos presuntos cabecillas de una red criminal vinculada al narcotr\u00e1fico y al grupo armado residual conocido como la Estructura [&hellip;]<\/p>\n","protected":false},"author":3,"featured_media":34375,"comment_status":"open","ping_status":"open","sticky":false,"template":"","format":"video","meta":{"footnotes":""},"categories":[10],"tags":[],"class_list":["post-34374","post","type-post","status-publish","format-video","has-post-thumbnail","hentry","category-cnc-noticias-tulua","post_format-post-format-video"],"_links":{"self":[{"href":"https:\/\/cnctulua.tv\/index.php?rest_route=\/wp\/v2\/posts\/34374","targetHints":{"allow":["GET"]}}],"collection":[{"href":"https:\/\/cnctulua.tv\/index.php?rest_route=\/wp\/v2\/posts"}],"about":[{"href":"https:\/\/cnctulua.tv\/index.php?rest_route=\/wp\/v2\/types\/post"}],"author":[{"embeddable":true,"href":"https:\/\/cnctulua.tv\/index.php?rest_route=\/wp\/v2\/users\/3"}],"replies":[{"embeddable":true,"href":"https:\/\/cnctulua.tv\/index.php?rest_route=%2Fwp%2Fv2%2Fcomments&post=34374"}],"version-history":[{"count":1,"href":"https:\/\/cnctulua.tv\/index.php?rest_route=\/wp\/v2\/posts\/34374\/revisions"}],"predecessor-version":[{"id":34376,"href":"https:\/\/cnctulua.tv\/index.php?rest_route=\/wp\/v2\/posts\/34374\/revisions\/34376"}],"wp:featuredmedia":[{"embeddable":true,"href":"https:\/\/cnctulua.tv\/index.php?rest_route=\/wp\/v2\/media\/34375"}],"wp:attachment":[{"href":"https:\/\/cnctulua.tv\/index.php?rest_route=%2Fwp%2Fv2%2Fmedia&parent=34374"}],"wp:term":[{"taxonomy":"category","embeddable":true,"href":"https:\/\/cnctulua.tv\/index.php?rest_route=%2Fwp%2Fv2%2Fcategories&post=34374"},{"taxonomy":"post_tag","embeddable":true,"href":"https:\/\/cnctulua.tv\/index.php?rest_route=%2Fwp%2Fv2%2Ftags&post=34374"}],"curies":[{"name":"wp","href":"https:\/\/api.w.org\/{rel}","templated":true}]}}