{"id":34385,"date":"2025-05-26T21:08:29","date_gmt":"2025-05-26T21:08:29","guid":{"rendered":"https:\/\/cnctulua.tv\/?p=34385"},"modified":"2025-05-26T21:08:29","modified_gmt":"2025-05-26T21:08:29","slug":"gobernadora-del-valle-llama-a-manifestaciones-pacificas-y-sin-bloqueos","status":"publish","type":"post","link":"https:\/\/cnctulua.tv\/?p=34385","title":{"rendered":"Gobernadora del Valle llama a manifestaciones pac\u00edficas y sin bloqueos"},"content":{"rendered":"\n<p>En v\u00edsperas de las movilizaciones convocadas para el 28 y 29 de mayo, la gobernadora del Valle del Cauca, Dilian Francisca Toro, hizo un llamado a que las protestas se desarrollen sin violencia ni bloqueos.<\/p>\n\n\n\n<p>La mandataria record\u00f3 que el derecho a la protesta es constitucional, pero enfatiz\u00f3 la necesidad de ejercerlo con responsabilidad y respeto por la comunidad. Se\u00f1al\u00f3 que las manifestaciones violentas y bloqueos en a\u00f1os anteriores provocaron afectaciones en sectores clave como la econom\u00eda, la salud y la alimentaci\u00f3n, perjudicando principalmente a los habitantes del departamento.<\/p>\n\n\n\n<figure class=\"wp-block-embed is-type-video is-provider-youtube wp-block-embed-youtube wp-embed-aspect-16-9 wp-has-aspect-ratio\"><div class=\"wp-block-embed__wrapper\">\n<iframe loading=\"lazy\" title=\"Manifestaciones en Valle del Cauca: \u00bfQu\u00e9 esperan los ciudadanos? \ud83e\udd14\ud83d\udce2\" width=\"640\" height=\"360\" src=\"https:\/\/www.youtube.com\/embed\/-tY9t8pY-F0?feature=oembed\" frameborder=\"0\" allow=\"accelerometer; autoplay; clipboard-write; encrypted-media; gyroscope; picture-in-picture; web-share\" referrerpolicy=\"strict-origin-when-cross-origin\" allowfullscreen><\/iframe>\n<\/div><\/figure>\n\n\n\n<p>Por su parte, las autoridades departamentales coordinan con la Fuerza P\u00fablica un plan de vigilancia y prevenci\u00f3n para asegurar que las movilizaciones se realicen en un ambiente seguro y sin alteraciones del orden p\u00fablico. La invitaci\u00f3n es a que tanto manifestantes como autoridades garanticen el respeto, la convivencia y la protecci\u00f3n de la vida durante las jornadas de protesta.<\/p>\n\n\n\n<figure class=\"wp-block-video\"><\/figure>\n","protected":false},"excerpt":{"rendered":"<p>En v\u00edsperas de las movilizaciones convocadas para el 28 y 29 de mayo, la gobernadora del Valle del Cauca, Dilian Francisca Toro, hizo un llamado a que las protestas se desarrollen sin violencia ni bloqueos. La mandataria record\u00f3 que el derecho a la protesta es constitucional, pero enfatiz\u00f3 la necesidad de ejercerlo con responsabilidad y [&hellip;]<\/p>\n","protected":false},"author":3,"featured_media":34386,"comment_status":"open","ping_status":"open","sticky":false,"template":"","format":"video","meta":{"footnotes":""},"categories":[10],"tags":[],"class_list":["post-34385","post","type-post","status-publish","format-video","has-post-thumbnail","hentry","category-cnc-noticias-tulua","post_format-post-format-video"],"_links":{"self":[{"href":"https:\/\/cnctulua.tv\/index.php?rest_route=\/wp\/v2\/posts\/34385","targetHints":{"allow":["GET"]}}],"collection":[{"href":"https:\/\/cnctulua.tv\/index.php?rest_route=\/wp\/v2\/posts"}],"about":[{"href":"https:\/\/cnctulua.tv\/index.php?rest_route=\/wp\/v2\/types\/post"}],"author":[{"embeddable":true,"href":"https:\/\/cnctulua.tv\/index.php?rest_route=\/wp\/v2\/users\/3"}],"replies":[{"embeddable":true,"href":"https:\/\/cnctulua.tv\/index.php?rest_route=%2Fwp%2Fv2%2Fcomments&post=34385"}],"version-history":[{"count":1,"href":"https:\/\/cnctulua.tv\/index.php?rest_route=\/wp\/v2\/posts\/34385\/revisions"}],"predecessor-version":[{"id":34387,"href":"https:\/\/cnctulua.tv\/index.php?rest_route=\/wp\/v2\/posts\/34385\/revisions\/34387"}],"wp:featuredmedia":[{"embeddable":true,"href":"https:\/\/cnctulua.tv\/index.php?rest_route=\/wp\/v2\/media\/34386"}],"wp:attachment":[{"href":"https:\/\/cnctulua.tv\/index.php?rest_route=%2Fwp%2Fv2%2Fmedia&parent=34385"}],"wp:term":[{"taxonomy":"category","embeddable":true,"href":"https:\/\/cnctulua.tv\/index.php?rest_route=%2Fwp%2Fv2%2Fcategories&post=34385"},{"taxonomy":"post_tag","embeddable":true,"href":"https:\/\/cnctulua.tv\/index.php?rest_route=%2Fwp%2Fv2%2Ftags&post=34385"}],"curies":[{"name":"wp","href":"https:\/\/api.w.org\/{rel}","templated":true}]}}