{"id":34389,"date":"2025-05-28T02:37:43","date_gmt":"2025-05-28T02:37:43","guid":{"rendered":"https:\/\/cnctulua.tv\/?p=34389"},"modified":"2025-05-28T02:37:43","modified_gmt":"2025-05-28T02:37:43","slug":"problemas-de-salubridad-y-convivencia-en-villa-del-lago-tulua-motivaron-intervencion-de-cambuches-por-autoridades","status":"publish","type":"post","link":"https:\/\/cnctulua.tv\/?p=34389","title":{"rendered":"Problemas de salubridad y convivencia en Villa del Lago, Tulu\u00e1, motivaron intervenci\u00f3n de Cambuches por autoridades."},"content":{"rendered":"\n<p>En el barrio <strong>Villa del Lago de la ciudad de Tulu\u00e1<\/strong> se llev\u00f3 a cabo una intervenci\u00f3n motivada por reportes de la comunidad sobre la presencia de habitantes en situaci\u00f3n de calle y la acumulaci\u00f3n de residuos en espacios p\u00fablicos, situaci\u00f3n que afectaba la salubridad y la convivencia en la zona.<\/p>\n\n\n\n<p>Durante un encuentro con la comunidad, los vecinos expresaron inquietudes relacionadas con un <strong>cambuche que se hab\u00eda convertido en un punto de concentraci\u00f3n para personas consumidoras<\/strong> de sustancias psicoactivas, generando molestias y contaminaci\u00f3n ambiental. Adem\u00e1s, se\u00f1alaron la existencia de otro cambuche cercano que funcionaba como dep\u00f3sito de material reciclable y basura.<\/p>\n\n\n\n<figure class=\"wp-block-image size-large\"><img loading=\"lazy\" decoding=\"async\" width=\"1024\" height=\"576\" src=\"https:\/\/cnctulua.tv\/wp-content\/uploads\/2025\/05\/vMix-Capture-27-mayo-2025-21-09-14-1024x576.png\" alt=\"\" class=\"wp-image-34390\" srcset=\"https:\/\/cnctulua.tv\/wp-content\/uploads\/2025\/05\/vMix-Capture-27-mayo-2025-21-09-14-1024x576.png 1024w, https:\/\/cnctulua.tv\/wp-content\/uploads\/2025\/05\/vMix-Capture-27-mayo-2025-21-09-14-300x169.png 300w, https:\/\/cnctulua.tv\/wp-content\/uploads\/2025\/05\/vMix-Capture-27-mayo-2025-21-09-14-768x432.png 768w, https:\/\/cnctulua.tv\/wp-content\/uploads\/2025\/05\/vMix-Capture-27-mayo-2025-21-09-14-1536x864.png 1536w, https:\/\/cnctulua.tv\/wp-content\/uploads\/2025\/05\/vMix-Capture-27-mayo-2025-21-09-14.png 1920w\" sizes=\"auto, (max-width: 1024px) 100vw, 1024px\" \/><\/figure>\n\n\n\n<p>En respuesta, las autoridades realizaron un operativo en el que se identific\u00f3 que el habitante de calle que ocupaba uno de los cambuches contaba con una red de apoyo familiar y decidi\u00f3 retirarse voluntariamente. En el lugar se encontraron colchones y evidencias de que el espacio era utilizado por varias personas. Cerca de all\u00ed, se encontr\u00f3 <strong>otro cambuche con acumulaci\u00f3n de desechos, <\/strong>lo que agravaba la problem\u00e1tica de salubridad.<\/p>\n\n\n\n<p>El operativo cont\u00f3 con la participaci\u00f3n de la Polic\u00eda Nacional, el Departamento Administrativo, <strong>la Secretar\u00eda de Gobierno <\/strong>y equipos especializados en atenci\u00f3n psicosocial y convivencia. La intervenci\u00f3n busca atender las condiciones sociales y ambientales para mejorar la calidad de vida de los residentes.<\/p>\n\n\n\n<p>Habitantes del sector manifestaron que la acumulaci\u00f3n de basura favorece la proliferaci\u00f3n de roedores y animales que dispersan los residuos, afectando el entorno y la salud p\u00fablica. Asimismo, resaltaron la importancia de <strong>recuperar los espacios p\u00fablicos para promover la convivencia y la conciencia ciudadana.<\/strong><\/p>\n\n\n\n<p>Las autoridades indicaron que continuar\u00e1n con las acciones para atender las problem\u00e1ticas sociales y ambientales en <strong>Villa del Lago y zonas aleda\u00f1as.<\/strong><\/p>\n\n\n\n<figure class=\"wp-block-embed is-type-video is-provider-youtube wp-block-embed-youtube wp-embed-aspect-16-9 wp-has-aspect-ratio\"><div class=\"wp-block-embed__wrapper\">\n<iframe loading=\"lazy\" title=\"Villa del Lago en Tulu\u00e1: operativo para mejorar espacios p\u00fablicos y convivencia \ud83d\udc40\" width=\"640\" height=\"360\" src=\"https:\/\/www.youtube.com\/embed\/OOdIcw5Rh3A?feature=oembed\" frameborder=\"0\" allow=\"accelerometer; autoplay; clipboard-write; encrypted-media; gyroscope; picture-in-picture; web-share\" referrerpolicy=\"strict-origin-when-cross-origin\" allowfullscreen><\/iframe>\n<\/div><\/figure>\n\n\n\n<figure class=\"wp-block-video\"><\/figure>\n","protected":false},"excerpt":{"rendered":"<p>En el barrio Villa del Lago de la ciudad de Tulu\u00e1 se llev\u00f3 a cabo una intervenci\u00f3n motivada por reportes de la comunidad sobre la presencia de habitantes en situaci\u00f3n de calle y la acumulaci\u00f3n de residuos en espacios p\u00fablicos, situaci\u00f3n que afectaba la salubridad y la convivencia en la zona. Durante un encuentro con [&hellip;]<\/p>\n","protected":false},"author":3,"featured_media":34391,"comment_status":"open","ping_status":"open","sticky":false,"template":"","format":"video","meta":{"footnotes":""},"categories":[10],"tags":[],"class_list":["post-34389","post","type-post","status-publish","format-video","has-post-thumbnail","hentry","category-cnc-noticias-tulua","post_format-post-format-video"],"_links":{"self":[{"href":"https:\/\/cnctulua.tv\/index.php?rest_route=\/wp\/v2\/posts\/34389","targetHints":{"allow":["GET"]}}],"collection":[{"href":"https:\/\/cnctulua.tv\/index.php?rest_route=\/wp\/v2\/posts"}],"about":[{"href":"https:\/\/cnctulua.tv\/index.php?rest_route=\/wp\/v2\/types\/post"}],"author":[{"embeddable":true,"href":"https:\/\/cnctulua.tv\/index.php?rest_route=\/wp\/v2\/users\/3"}],"replies":[{"embeddable":true,"href":"https:\/\/cnctulua.tv\/index.php?rest_route=%2Fwp%2Fv2%2Fcomments&post=34389"}],"version-history":[{"count":1,"href":"https:\/\/cnctulua.tv\/index.php?rest_route=\/wp\/v2\/posts\/34389\/revisions"}],"predecessor-version":[{"id":34392,"href":"https:\/\/cnctulua.tv\/index.php?rest_route=\/wp\/v2\/posts\/34389\/revisions\/34392"}],"wp:featuredmedia":[{"embeddable":true,"href":"https:\/\/cnctulua.tv\/index.php?rest_route=\/wp\/v2\/media\/34391"}],"wp:attachment":[{"href":"https:\/\/cnctulua.tv\/index.php?rest_route=%2Fwp%2Fv2%2Fmedia&parent=34389"}],"wp:term":[{"taxonomy":"category","embeddable":true,"href":"https:\/\/cnctulua.tv\/index.php?rest_route=%2Fwp%2Fv2%2Fcategories&post=34389"},{"taxonomy":"post_tag","embeddable":true,"href":"https:\/\/cnctulua.tv\/index.php?rest_route=%2Fwp%2Fv2%2Ftags&post=34389"}],"curies":[{"name":"wp","href":"https:\/\/api.w.org\/{rel}","templated":true}]}}