{"id":34397,"date":"2025-05-28T02:59:03","date_gmt":"2025-05-28T02:59:03","guid":{"rendered":"https:\/\/cnctulua.tv\/?p=34397"},"modified":"2025-05-28T02:59:03","modified_gmt":"2025-05-28T02:59:03","slug":"cae-en-cali-narcotrafincante-requerido-por-espana-desde-2013-lo-delato-su-intento-de-pasar-desapercibido-en-villacolombia","status":"publish","type":"post","link":"https:\/\/cnctulua.tv\/?p=34397","title":{"rendered":"Cae en Cali NARCOTRAFINCANTE requerido por Espa\u00f1a desde 2013: lo delat\u00f3 su intento de pasar desapercibido en Villacolombia."},"content":{"rendered":"\n<p>En desarrollo de actividades de patrullaje y control adelantadas en el barrio Villacolombia, en la ciudad de Cali, unidades de la Polic\u00eda Metropolitana Santiago de Cali capturaron a un hombre que era buscado por la justicia internacional <strong>desde hace m\u00e1s de una d\u00e9cada<\/strong>.<\/p>\n\n\n\n<p>El detenido, de nacionalidad colombiana y <strong>con 59 a\u00f1os de edad, era requerido por Espa\u00f1a desde el a\u00f1o 2013 <\/strong>por su presunta participaci\u00f3n en delitos relacionados con el tr\u00e1fico internacional de estupefacientes. Su captura se produjo en el marco del plan \u2018Cazador\u2019, una estrategia de la Polic\u00eda Nacional enfocada en la b\u00fasqueda de personas vinculadas a delitos de alto impacto, tanto a nivel local como internacional.<\/p>\n\n\n\n<figure class=\"wp-block-image size-large\"><img loading=\"lazy\" decoding=\"async\" width=\"1024\" height=\"576\" src=\"https:\/\/cnctulua.tv\/wp-content\/uploads\/2025\/05\/vMix-Capture-27-mayo-2025-21-56-00-1024x576.png\" alt=\"\" class=\"wp-image-34398\" srcset=\"https:\/\/cnctulua.tv\/wp-content\/uploads\/2025\/05\/vMix-Capture-27-mayo-2025-21-56-00-1024x576.png 1024w, https:\/\/cnctulua.tv\/wp-content\/uploads\/2025\/05\/vMix-Capture-27-mayo-2025-21-56-00-300x169.png 300w, https:\/\/cnctulua.tv\/wp-content\/uploads\/2025\/05\/vMix-Capture-27-mayo-2025-21-56-00-768x432.png 768w, https:\/\/cnctulua.tv\/wp-content\/uploads\/2025\/05\/vMix-Capture-27-mayo-2025-21-56-00-1536x864.png 1536w, https:\/\/cnctulua.tv\/wp-content\/uploads\/2025\/05\/vMix-Capture-27-mayo-2025-21-56-00.png 1920w\" sizes=\"auto, (max-width: 1024px) 100vw, 1024px\" \/><\/figure>\n\n\n\n<p>Seg\u00fan las autoridades, el hombre habr\u00eda ingresado recientemente a la capital del Valle con la intenci\u00f3n de pasar desapercibido y seguir evadiendo su responsabilidad judicial en el exterior. Sin embargo, la verificaci\u00f3n de sus antecedentes permiti\u00f3 confirmar que <strong>ten\u00eda una orden de captura vigente con fines de extradici\u00f3n<\/strong>, lo que condujo a su inmediata detenci\u00f3n.<\/p>\n\n\n\n<p>El capturado fue puesto a disposici\u00f3n de la Oficina de Asuntos Internacionales de la Fiscal\u00eda General de la Naci\u00f3n, que asumir\u00e1 el proceso correspondiente para su entrega a las <strong>autoridades espa\u00f1olas.<\/strong><\/p>\n\n\n\n<p>La Polic\u00eda Nacional reiter\u00f3 su compromiso con la seguridad y la cooperaci\u00f3n internacional, se\u00f1alando que continuar\u00e1 fortaleciendo los operativos de control para evitar que personas buscadas por cr\u00edmenes en otros pa\u00edses utilicen Colombia como escondite. <strong>\u201cNo permitiremos que Cali sea refugio de delincuentes internacionales. Las acciones seguir\u00e1n siendo firmes y contundentes frente a todas las manifestaciones de criminalidad\u201d,<\/strong> se\u00f1al\u00f3 un portavoz oficial.<\/p>\n\n\n\n<figure class=\"wp-block-embed is-type-video is-provider-youtube wp-block-embed-youtube wp-embed-aspect-16-9 wp-has-aspect-ratio\"><div class=\"wp-block-embed__wrapper\">\n<iframe loading=\"lazy\" title=\"\ud83d\udc40 Cay\u00f3 en Cali: as\u00ed capturaron a un hombre buscado por narcotr\u00e1fico internacional desde 2013 \ud83c\udf10\" width=\"640\" height=\"360\" src=\"https:\/\/www.youtube.com\/embed\/JEARHii2_Tw?feature=oembed\" frameborder=\"0\" allow=\"accelerometer; autoplay; clipboard-write; encrypted-media; gyroscope; picture-in-picture; web-share\" referrerpolicy=\"strict-origin-when-cross-origin\" allowfullscreen><\/iframe>\n<\/div><\/figure>\n\n\n\n<p>Esta captura se suma a otros resultados obtenidos recientemente en la lucha contra el crimen organizado, como parte del plan \u2018Cazador\u2019, que ha venido intensificando sus operaciones en sectores estrat\u00e9gicos de la ciudad.<\/p>\n\n\n\n<figure class=\"wp-block-video\"><\/figure>\n","protected":false},"excerpt":{"rendered":"<p>En desarrollo de actividades de patrullaje y control adelantadas en el barrio Villacolombia, en la ciudad de Cali, unidades de la Polic\u00eda Metropolitana Santiago de Cali capturaron a un hombre que era buscado por la justicia internacional desde hace m\u00e1s de una d\u00e9cada. El detenido, de nacionalidad colombiana y con 59 a\u00f1os de edad, era [&hellip;]<\/p>\n","protected":false},"author":3,"featured_media":34399,"comment_status":"open","ping_status":"open","sticky":false,"template":"","format":"video","meta":{"footnotes":""},"categories":[10],"tags":[],"class_list":["post-34397","post","type-post","status-publish","format-video","has-post-thumbnail","hentry","category-cnc-noticias-tulua","post_format-post-format-video"],"_links":{"self":[{"href":"https:\/\/cnctulua.tv\/index.php?rest_route=\/wp\/v2\/posts\/34397","targetHints":{"allow":["GET"]}}],"collection":[{"href":"https:\/\/cnctulua.tv\/index.php?rest_route=\/wp\/v2\/posts"}],"about":[{"href":"https:\/\/cnctulua.tv\/index.php?rest_route=\/wp\/v2\/types\/post"}],"author":[{"embeddable":true,"href":"https:\/\/cnctulua.tv\/index.php?rest_route=\/wp\/v2\/users\/3"}],"replies":[{"embeddable":true,"href":"https:\/\/cnctulua.tv\/index.php?rest_route=%2Fwp%2Fv2%2Fcomments&post=34397"}],"version-history":[{"count":1,"href":"https:\/\/cnctulua.tv\/index.php?rest_route=\/wp\/v2\/posts\/34397\/revisions"}],"predecessor-version":[{"id":34400,"href":"https:\/\/cnctulua.tv\/index.php?rest_route=\/wp\/v2\/posts\/34397\/revisions\/34400"}],"wp:featuredmedia":[{"embeddable":true,"href":"https:\/\/cnctulua.tv\/index.php?rest_route=\/wp\/v2\/media\/34399"}],"wp:attachment":[{"href":"https:\/\/cnctulua.tv\/index.php?rest_route=%2Fwp%2Fv2%2Fmedia&parent=34397"}],"wp:term":[{"taxonomy":"category","embeddable":true,"href":"https:\/\/cnctulua.tv\/index.php?rest_route=%2Fwp%2Fv2%2Fcategories&post=34397"},{"taxonomy":"post_tag","embeddable":true,"href":"https:\/\/cnctulua.tv\/index.php?rest_route=%2Fwp%2Fv2%2Ftags&post=34397"}],"curies":[{"name":"wp","href":"https:\/\/api.w.org\/{rel}","templated":true}]}}