{"id":34408,"date":"2025-05-29T18:09:08","date_gmt":"2025-05-29T18:09:08","guid":{"rendered":"https:\/\/cnctulua.tv\/?p=34408"},"modified":"2025-05-29T18:09:08","modified_gmt":"2025-05-29T18:09:08","slug":"jornada-de-manifestaciones-en-el-valle-del-cauca-transcurrio-sin-alteraciones-al-orden-publico","status":"publish","type":"post","link":"https:\/\/cnctulua.tv\/?p=34408","title":{"rendered":"Jornada de manifestaciones en el Valle del Cauca transcurri\u00f3 sin alteraciones al orden p\u00fablico"},"content":{"rendered":"\n<p>En el marco del primer d\u00eda de movilizaciones convocadas a nivel nacional, la Polic\u00eda del Valle del Cauca report\u00f3 un desarrollo tranquilo de las jornadas de protesta en el departamento. Seg\u00fan informaci\u00f3n suministrada por la coronel Sandra Liliana Rodr\u00edguez, comandante del Departamento de Polic\u00eda Valle, no se presentaron incidentes que afectaran el orden p\u00fablico.<\/p>\n\n\n\n<p>Durante la jornada, se registraron ocho concentraciones y cuatro marchas en distintas localidades del departamento. Todas las actividades estuvieron bajo seguimiento del Puesto de Mando Unificado (PMU), lo que permiti\u00f3 una coordinaci\u00f3n constante entre la fuerza p\u00fablica, organismos de control y representantes de derechos humanos.<\/p>\n\n\n\n<figure class=\"wp-block-embed is-type-video is-provider-youtube wp-block-embed-youtube wp-embed-aspect-16-9 wp-has-aspect-ratio\"><div class=\"wp-block-embed__wrapper\">\n<iframe loading=\"lazy\" title=\"\ud83d\udcca Primer d\u00eda de protestas en el Valle del Cauca: todo lo que debes saber\" width=\"640\" height=\"360\" src=\"https:\/\/www.youtube.com\/embed\/rs8BqJBr2nI?feature=oembed\" frameborder=\"0\" allow=\"accelerometer; autoplay; clipboard-write; encrypted-media; gyroscope; picture-in-picture; web-share\" referrerpolicy=\"strict-origin-when-cross-origin\" allowfullscreen><\/iframe>\n<\/div><\/figure>\n\n\n\n<p>\u201cLa totalidad de las manifestaciones se desarroll\u00f3 de forma pac\u00edfica, con un comportamiento basado en el di\u00e1logo y el respeto por parte de los participantes\u201d, indic\u00f3 la coronel Rodr\u00edguez. La oficial tambi\u00e9n resalt\u00f3 el papel de la ciudadan\u00eda, que mantuvo una actitud constructiva y respetuosa durante las actividades de protesta.<\/p>\n\n\n\n<p>No obstante, se present\u00f3 un hecho particular en el peaje de El Cerrito, donde se report\u00f3 el levantamiento temporal de la barrera. Las autoridades intervinieron en el lugar junto a representantes de la Personer\u00eda Municipal y la Defensor\u00eda del Pueblo. A trav\u00e9s del di\u00e1logo, se explic\u00f3 a los manifestantes que este tipo de acciones no est\u00e1n permitidas por la ley, logrando que se retiraran del sitio sin necesidad de intervenci\u00f3n coercitiva.<\/p>\n\n\n\n<p>Las autoridades hicieron un llamado a mantener este tipo de comportamiento en futuras jornadas, subrayando la importancia de ejercer el derecho a la protesta dentro del marco legal y mediante v\u00edas pac\u00edficas. El reporte final del d\u00eda destac\u00f3 la ausencia de alteraciones, enfrentamientos o da\u00f1os en la infraestructura p\u00fablica o privada.<\/p>\n\n\n\n<figure class=\"wp-block-video\"><\/figure>\n","protected":false},"excerpt":{"rendered":"<p>En el marco del primer d\u00eda de movilizaciones convocadas a nivel nacional, la Polic\u00eda del Valle del Cauca report\u00f3 un desarrollo tranquilo de las jornadas de protesta en el departamento. Seg\u00fan informaci\u00f3n suministrada por la coronel Sandra Liliana Rodr\u00edguez, comandante del Departamento de Polic\u00eda Valle, no se presentaron incidentes que afectaran el orden p\u00fablico. Durante [&hellip;]<\/p>\n","protected":false},"author":3,"featured_media":34416,"comment_status":"open","ping_status":"open","sticky":false,"template":"","format":"video","meta":{"footnotes":""},"categories":[10],"tags":[],"class_list":["post-34408","post","type-post","status-publish","format-video","has-post-thumbnail","hentry","category-cnc-noticias-tulua","post_format-post-format-video"],"_links":{"self":[{"href":"https:\/\/cnctulua.tv\/index.php?rest_route=\/wp\/v2\/posts\/34408","targetHints":{"allow":["GET"]}}],"collection":[{"href":"https:\/\/cnctulua.tv\/index.php?rest_route=\/wp\/v2\/posts"}],"about":[{"href":"https:\/\/cnctulua.tv\/index.php?rest_route=\/wp\/v2\/types\/post"}],"author":[{"embeddable":true,"href":"https:\/\/cnctulua.tv\/index.php?rest_route=\/wp\/v2\/users\/3"}],"replies":[{"embeddable":true,"href":"https:\/\/cnctulua.tv\/index.php?rest_route=%2Fwp%2Fv2%2Fcomments&post=34408"}],"version-history":[{"count":1,"href":"https:\/\/cnctulua.tv\/index.php?rest_route=\/wp\/v2\/posts\/34408\/revisions"}],"predecessor-version":[{"id":34409,"href":"https:\/\/cnctulua.tv\/index.php?rest_route=\/wp\/v2\/posts\/34408\/revisions\/34409"}],"wp:featuredmedia":[{"embeddable":true,"href":"https:\/\/cnctulua.tv\/index.php?rest_route=\/wp\/v2\/media\/34416"}],"wp:attachment":[{"href":"https:\/\/cnctulua.tv\/index.php?rest_route=%2Fwp%2Fv2%2Fmedia&parent=34408"}],"wp:term":[{"taxonomy":"category","embeddable":true,"href":"https:\/\/cnctulua.tv\/index.php?rest_route=%2Fwp%2Fv2%2Fcategories&post=34408"},{"taxonomy":"post_tag","embeddable":true,"href":"https:\/\/cnctulua.tv\/index.php?rest_route=%2Fwp%2Fv2%2Ftags&post=34408"}],"curies":[{"name":"wp","href":"https:\/\/api.w.org\/{rel}","templated":true}]}}