{"id":34428,"date":"2025-05-29T18:17:25","date_gmt":"2025-05-29T18:17:25","guid":{"rendered":"https:\/\/cnctulua.tv\/?p=34428"},"modified":"2025-05-29T18:17:25","modified_gmt":"2025-05-29T18:17:25","slug":"jornadas-de-sensibilizacion-para-la-formalizacion-laboral-y-acceso-a-la-seguridad-social-integral-en-tulua-y-municipios-vecinos","status":"publish","type":"post","link":"https:\/\/cnctulua.tv\/?p=34428","title":{"rendered":"Jornadas de sensibilizaci\u00f3n para la formalizaci\u00f3n laboral y acceso a la Seguridad Social Integral en Tulu\u00e1 y municipios vecinos"},"content":{"rendered":"\n<p>El Comit\u00e9 Local de Seguridad y Salud en el Trabajo adelanta una serie de jornadas de sensibilizaci\u00f3n en distintos municipios del centro del Valle del Cauca, con el objetivo de fomentar la formalizaci\u00f3n laboral y ampliar el acceso a la Seguridad Social Integral.<\/p>\n\n\n\n<p>Estas actividades, dirigidas principalmente a emprendedores, productores rurales, artesanos y trabajadores del sector informal, buscan brindar orientaci\u00f3n y herramientas pr\u00e1cticas para que m\u00e1s personas puedan incorporarse al sistema formal de trabajo y acceder a beneficios como salud, riesgos laborales y prestaciones sociales.<\/p>\n\n\n\n<figure class=\"wp-block-embed is-type-video is-provider-youtube wp-block-embed-youtube wp-embed-aspect-16-9 wp-has-aspect-ratio\"><div class=\"wp-block-embed__wrapper\">\n<iframe loading=\"lazy\" title=\"\ud83c\udfa5 As\u00ed se construye el trabajo digno en el Valle del Cauca \ud83d\udcac\ud83d\udcbc #TrabajoFormal\" width=\"640\" height=\"360\" src=\"https:\/\/www.youtube.com\/embed\/IXJSUCa20PE?feature=oembed\" frameborder=\"0\" allow=\"accelerometer; autoplay; clipboard-write; encrypted-media; gyroscope; picture-in-picture; web-share\" referrerpolicy=\"strict-origin-when-cross-origin\" allowfullscreen><\/iframe>\n<\/div><\/figure>\n\n\n\n<p>La estrategia se desarrolla en los municipios de Tulu\u00e1, Riofr\u00edo, Trujillo, Bugalagrande y Andaluc\u00eda, donde se ha identificado una importante poblaci\u00f3n que a\u00fan no cuenta con vinculaci\u00f3n al sistema de protecci\u00f3n social. Las jornadas incluyen charlas, asesor\u00edas y espacios de formaci\u00f3n, en los que se abordan temas clave sobre derechos laborales, seguridad en el trabajo y alternativas para la afiliaci\u00f3n a la Seguridad Social.<\/p>\n\n\n\n<p>El Comit\u00e9 Local est\u00e1 conformado seg\u00fan el Decreto 016 de 1997 y funciona como un \u00f3rgano consultor del presidente del Colosesal, cargo que habitualmente recae en el inspector de trabajo o en el director territorial del Ministerio en el Valle del Cauca. Este comit\u00e9 est\u00e1 integrado por entidades p\u00fablicas y privadas, organizaciones sindicales, instituciones de educaci\u00f3n superior como la UCEVA, y Administradoras de Riesgos Laborales (ARL), como Colmena. Tambi\u00e9n participan empresas como Seguridad Atlas y Coges Humano, adem\u00e1s de organizaciones sindicales que respaldan de forma activa las actividades.<\/p>\n\n\n\n<p>Estas acciones cuentan con el respaldo del Ministerio de Trabajo y del Gobierno Nacional, como parte de una pol\u00edtica que busca reducir la informalidad laboral y garantizar condiciones dignas para todos los trabajadores del pa\u00eds.<\/p>\n\n\n\n<p>Desde el Comit\u00e9 Local se hace un llamado a la comunidad a participar en las pr\u00f3ximas jornadas, que se realizar\u00e1n en distintos puntos de la regi\u00f3n, y a aprovechar estos espacios de informaci\u00f3n y orientaci\u00f3n como una oportunidad para mejorar su calidad de vida y acceder a la protecci\u00f3n del sistema laboral colombiano.<\/p>\n\n\n\n<figure class=\"wp-block-video\"><\/figure>\n","protected":false},"excerpt":{"rendered":"<p>El Comit\u00e9 Local de Seguridad y Salud en el Trabajo adelanta una serie de jornadas de sensibilizaci\u00f3n en distintos municipios del centro del Valle del Cauca, con el objetivo de fomentar la formalizaci\u00f3n laboral y ampliar el acceso a la Seguridad Social Integral. Estas actividades, dirigidas principalmente a emprendedores, productores rurales, artesanos y trabajadores del [&hellip;]<\/p>\n","protected":false},"author":3,"featured_media":34429,"comment_status":"open","ping_status":"open","sticky":false,"template":"","format":"video","meta":{"footnotes":""},"categories":[10],"tags":[],"class_list":["post-34428","post","type-post","status-publish","format-video","has-post-thumbnail","hentry","category-cnc-noticias-tulua","post_format-post-format-video"],"_links":{"self":[{"href":"https:\/\/cnctulua.tv\/index.php?rest_route=\/wp\/v2\/posts\/34428","targetHints":{"allow":["GET"]}}],"collection":[{"href":"https:\/\/cnctulua.tv\/index.php?rest_route=\/wp\/v2\/posts"}],"about":[{"href":"https:\/\/cnctulua.tv\/index.php?rest_route=\/wp\/v2\/types\/post"}],"author":[{"embeddable":true,"href":"https:\/\/cnctulua.tv\/index.php?rest_route=\/wp\/v2\/users\/3"}],"replies":[{"embeddable":true,"href":"https:\/\/cnctulua.tv\/index.php?rest_route=%2Fwp%2Fv2%2Fcomments&post=34428"}],"version-history":[{"count":1,"href":"https:\/\/cnctulua.tv\/index.php?rest_route=\/wp\/v2\/posts\/34428\/revisions"}],"predecessor-version":[{"id":34430,"href":"https:\/\/cnctulua.tv\/index.php?rest_route=\/wp\/v2\/posts\/34428\/revisions\/34430"}],"wp:featuredmedia":[{"embeddable":true,"href":"https:\/\/cnctulua.tv\/index.php?rest_route=\/wp\/v2\/media\/34429"}],"wp:attachment":[{"href":"https:\/\/cnctulua.tv\/index.php?rest_route=%2Fwp%2Fv2%2Fmedia&parent=34428"}],"wp:term":[{"taxonomy":"category","embeddable":true,"href":"https:\/\/cnctulua.tv\/index.php?rest_route=%2Fwp%2Fv2%2Fcategories&post=34428"},{"taxonomy":"post_tag","embeddable":true,"href":"https:\/\/cnctulua.tv\/index.php?rest_route=%2Fwp%2Fv2%2Ftags&post=34428"}],"curies":[{"name":"wp","href":"https:\/\/api.w.org\/{rel}","templated":true}]}}