{"id":34431,"date":"2025-05-29T18:20:11","date_gmt":"2025-05-29T18:20:11","guid":{"rendered":"https:\/\/cnctulua.tv\/?p=34431"},"modified":"2025-05-29T18:20:11","modified_gmt":"2025-05-29T18:20:11","slug":"brigadier-general-juan-oduber-rendon-perez-reporta-captura-tras-ataque-a-patrulla-de-policia-militar-en-barrio-el-vallado","status":"publish","type":"post","link":"https:\/\/cnctulua.tv\/?p=34431","title":{"rendered":"Brigadier General Juan Oduber Rend\u00f3n P\u00e9rez reporta captura tras ataque a patrulla de Polic\u00eda Militar en barrio El Vallado"},"content":{"rendered":"\n<p>En la noche del pasado mi\u00e9rcoles, una patrulla de la Polic\u00eda Militar que realizaba control territorial en el barrio El Vallado fue atacada por una persona civil que dispar\u00f3 al aire y posteriormente directamente contra los efectivos, inform\u00f3 el Brigadier General Juan Oduber Rend\u00f3n P\u00e9rez, comandante de la Tercera Brigada del Ej\u00e9rcito Nacional.<\/p>\n\n\n\n<p>Los hechos ocurrieron aproximadamente a las 12:30 a.m., cuando la patrulla, que cubr\u00eda un turno desde las 7:00 p.m. hasta la medianoche, fue atacada mientras realizaba su recorrido de vigilancia. Seg\u00fan el Brigadier General Oduber Rend\u00f3n, la persona que iba a bordo de un veh\u00edculo realiz\u00f3 varios disparos al aire y luego atac\u00f3 a la patrulla militar, que se encontraba completamente equipada con todo el personal y equipo correspondiente.<\/p>\n\n\n\n<figure class=\"wp-block-embed is-type-video is-provider-youtube wp-block-embed-youtube wp-embed-aspect-16-9 wp-has-aspect-ratio\"><div class=\"wp-block-embed__wrapper\">\n<iframe loading=\"lazy\" title=\"Ataque a patrulla militar en barrio El Vallado | Respuesta r\u00e1pida y captura del agresor \ud83d\udea8\" width=\"640\" height=\"360\" src=\"https:\/\/www.youtube.com\/embed\/A9DfeIKwzzU?feature=oembed\" frameborder=\"0\" allow=\"accelerometer; autoplay; clipboard-write; encrypted-media; gyroscope; picture-in-picture; web-share\" referrerpolicy=\"strict-origin-when-cross-origin\" allowfullscreen><\/iframe>\n<\/div><\/figure>\n\n\n\n<p>Los soldados reaccionaron de inmediato, iniciando una persecuci\u00f3n que termin\u00f3 con el veh\u00edculo del atacante interceptado y colisionado contra la patrulla militar. El individuo fue capturado en el lugar y posteriormente trasladado a la Cl\u00ednica Valle de Lili para recibir atenci\u00f3n m\u00e9dica antes de ser puesto a disposici\u00f3n de la autoridad competente, en este caso, la Polic\u00eda Militar.<\/p>\n\n\n\n<p>El caso se encuentra actualmente bajo investigaci\u00f3n de la Fiscal\u00eda Penal Militar, que desde las 10:08 p.m. del mismo d\u00eda adelanta las diligencias correspondientes. El Brigadier General Oduber Rend\u00f3n asegur\u00f3 que los soldados no sufrieron heridas durante el incidente y que la captura fue clave para garantizar la seguridad en la zona.<\/p>\n\n\n\n<p>\u00abQueremos enviar un mensaje de tranquilidad a la comunidad. Esta persona dispar\u00f3 directamente contra una patrulla de la Polic\u00eda Militar, pero nuestros soldados actuaron con prontitud y profesionalismo para neutralizar la amenaza\u00bb, indic\u00f3 el comandante de la Tercera Brigada.<\/p>\n\n\n\n<p>La Fiscal\u00eda Penal Militar continuar\u00e1 con las investigaciones para esclarecer los motivos del ataque y los antecedentes del detenido, tarea que corresponde a las autoridades competentes.<\/p>\n\n\n\n<figure class=\"wp-block-video\"><\/figure>\n","protected":false},"excerpt":{"rendered":"<p>En la noche del pasado mi\u00e9rcoles, una patrulla de la Polic\u00eda Militar que realizaba control territorial en el barrio El Vallado fue atacada por una persona civil que dispar\u00f3 al aire y posteriormente directamente contra los efectivos, inform\u00f3 el Brigadier General Juan Oduber Rend\u00f3n P\u00e9rez, comandante de la Tercera Brigada del Ej\u00e9rcito Nacional. Los hechos [&hellip;]<\/p>\n","protected":false},"author":3,"featured_media":34432,"comment_status":"open","ping_status":"open","sticky":false,"template":"","format":"video","meta":{"footnotes":""},"categories":[10],"tags":[],"class_list":["post-34431","post","type-post","status-publish","format-video","has-post-thumbnail","hentry","category-cnc-noticias-tulua","post_format-post-format-video"],"_links":{"self":[{"href":"https:\/\/cnctulua.tv\/index.php?rest_route=\/wp\/v2\/posts\/34431","targetHints":{"allow":["GET"]}}],"collection":[{"href":"https:\/\/cnctulua.tv\/index.php?rest_route=\/wp\/v2\/posts"}],"about":[{"href":"https:\/\/cnctulua.tv\/index.php?rest_route=\/wp\/v2\/types\/post"}],"author":[{"embeddable":true,"href":"https:\/\/cnctulua.tv\/index.php?rest_route=\/wp\/v2\/users\/3"}],"replies":[{"embeddable":true,"href":"https:\/\/cnctulua.tv\/index.php?rest_route=%2Fwp%2Fv2%2Fcomments&post=34431"}],"version-history":[{"count":1,"href":"https:\/\/cnctulua.tv\/index.php?rest_route=\/wp\/v2\/posts\/34431\/revisions"}],"predecessor-version":[{"id":34433,"href":"https:\/\/cnctulua.tv\/index.php?rest_route=\/wp\/v2\/posts\/34431\/revisions\/34433"}],"wp:featuredmedia":[{"embeddable":true,"href":"https:\/\/cnctulua.tv\/index.php?rest_route=\/wp\/v2\/media\/34432"}],"wp:attachment":[{"href":"https:\/\/cnctulua.tv\/index.php?rest_route=%2Fwp%2Fv2%2Fmedia&parent=34431"}],"wp:term":[{"taxonomy":"category","embeddable":true,"href":"https:\/\/cnctulua.tv\/index.php?rest_route=%2Fwp%2Fv2%2Fcategories&post=34431"},{"taxonomy":"post_tag","embeddable":true,"href":"https:\/\/cnctulua.tv\/index.php?rest_route=%2Fwp%2Fv2%2Ftags&post=34431"}],"curies":[{"name":"wp","href":"https:\/\/api.w.org\/{rel}","templated":true}]}}