{"id":34437,"date":"2025-05-29T18:23:57","date_gmt":"2025-05-29T18:23:57","guid":{"rendered":"https:\/\/cnctulua.tv\/?p=34437"},"modified":"2025-05-29T18:23:57","modified_gmt":"2025-05-29T18:23:57","slug":"avanza-con-normalidad-la-jornada-de-movilizacion-nacional-en-tulua","status":"publish","type":"post","link":"https:\/\/cnctulua.tv\/?p=34437","title":{"rendered":"Avanza con normalidad la jornada de movilizaci\u00f3n nacional en Tulu\u00e1"},"content":{"rendered":"\n<p>En el segundo d\u00eda de la jornada de movilizaci\u00f3n nacional en Tulu\u00e1, las actividades se han desarrollado en un ambiente controlado y sin mayores incidentes, seg\u00fan inform\u00f3 Jos\u00e9 Mart\u00edn Hincapi\u00e9 \u00c1lvarez, secretario de Gobierno del municipio.<\/p>\n\n\n\n<p>Durante el cabildo abierto realizado este jueves, en el que participaron organizaciones sociales, movimientos pol\u00edticos y sindicatos, el funcionario destac\u00f3 que \u201cse est\u00e1 desarrollando en un ambiente de tranquilidad, respeto y con las garant\u00edas necesarias para el libre ejercicio del derecho a la protesta social\u201d.<\/p>\n\n\n\n<figure class=\"wp-block-embed is-type-video is-provider-youtube wp-block-embed-youtube wp-embed-aspect-16-9 wp-has-aspect-ratio\"><div class=\"wp-block-embed__wrapper\">\n<iframe loading=\"lazy\" title=\"Movilizaci\u00f3n en Tulu\u00e1: seguridad y participaci\u00f3n ciudadana en cabildo abierto \ud83d\udce2\" width=\"640\" height=\"360\" src=\"https:\/\/www.youtube.com\/embed\/wIi9-dQZa9w?feature=oembed\" frameborder=\"0\" allow=\"accelerometer; autoplay; clipboard-write; encrypted-media; gyroscope; picture-in-picture; web-share\" referrerpolicy=\"strict-origin-when-cross-origin\" allowfullscreen><\/iframe>\n<\/div><\/figure>\n\n\n\n<p>Hincapi\u00e9 \u00c1lvarez agreg\u00f3 que \u201cse ha aislado la zona para garantizar la seguridad y permitir que la manifestaci\u00f3n y la reuni\u00f3n sindical se lleven a cabo de manera libre y pac\u00edfica\u201d.<\/p>\n\n\n\n<p>La administraci\u00f3n municipal se\u00f1al\u00f3 que hasta el momento se reporta \u201cun parte de tranquilidad en toda nuestra convicci\u00f3n\u201d, con las actividades avanzando conforme a lo previsto y sin alteraciones que afecten el orden p\u00fablico.<\/p>\n\n\n\n<figure class=\"wp-block-video\"><\/figure>\n","protected":false},"excerpt":{"rendered":"<p>En el segundo d\u00eda de la jornada de movilizaci\u00f3n nacional en Tulu\u00e1, las actividades se han desarrollado en un ambiente controlado y sin mayores incidentes, seg\u00fan inform\u00f3 Jos\u00e9 Mart\u00edn Hincapi\u00e9 \u00c1lvarez, secretario de Gobierno del municipio. Durante el cabildo abierto realizado este jueves, en el que participaron organizaciones sociales, movimientos pol\u00edticos y sindicatos, el funcionario [&hellip;]<\/p>\n","protected":false},"author":3,"featured_media":34438,"comment_status":"open","ping_status":"open","sticky":false,"template":"","format":"video","meta":{"footnotes":""},"categories":[10],"tags":[],"class_list":["post-34437","post","type-post","status-publish","format-video","has-post-thumbnail","hentry","category-cnc-noticias-tulua","post_format-post-format-video"],"_links":{"self":[{"href":"https:\/\/cnctulua.tv\/index.php?rest_route=\/wp\/v2\/posts\/34437","targetHints":{"allow":["GET"]}}],"collection":[{"href":"https:\/\/cnctulua.tv\/index.php?rest_route=\/wp\/v2\/posts"}],"about":[{"href":"https:\/\/cnctulua.tv\/index.php?rest_route=\/wp\/v2\/types\/post"}],"author":[{"embeddable":true,"href":"https:\/\/cnctulua.tv\/index.php?rest_route=\/wp\/v2\/users\/3"}],"replies":[{"embeddable":true,"href":"https:\/\/cnctulua.tv\/index.php?rest_route=%2Fwp%2Fv2%2Fcomments&post=34437"}],"version-history":[{"count":1,"href":"https:\/\/cnctulua.tv\/index.php?rest_route=\/wp\/v2\/posts\/34437\/revisions"}],"predecessor-version":[{"id":34439,"href":"https:\/\/cnctulua.tv\/index.php?rest_route=\/wp\/v2\/posts\/34437\/revisions\/34439"}],"wp:featuredmedia":[{"embeddable":true,"href":"https:\/\/cnctulua.tv\/index.php?rest_route=\/wp\/v2\/media\/34438"}],"wp:attachment":[{"href":"https:\/\/cnctulua.tv\/index.php?rest_route=%2Fwp%2Fv2%2Fmedia&parent=34437"}],"wp:term":[{"taxonomy":"category","embeddable":true,"href":"https:\/\/cnctulua.tv\/index.php?rest_route=%2Fwp%2Fv2%2Fcategories&post=34437"},{"taxonomy":"post_tag","embeddable":true,"href":"https:\/\/cnctulua.tv\/index.php?rest_route=%2Fwp%2Fv2%2Ftags&post=34437"}],"curies":[{"name":"wp","href":"https:\/\/api.w.org\/{rel}","templated":true}]}}