{"id":34452,"date":"2025-06-03T18:50:26","date_gmt":"2025-06-03T18:50:26","guid":{"rendered":"https:\/\/cnctulua.tv\/?p=34452"},"modified":"2025-06-03T18:50:26","modified_gmt":"2025-06-03T18:50:26","slug":"capturan-a-seis-personas-por-tala-ilegal-de-guadua-en-zona-rural-de-buga-valle","status":"publish","type":"post","link":"https:\/\/cnctulua.tv\/?p=34452","title":{"rendered":"Capturan a seis personas por tala ilegal de guadua en zona rural de Buga, Valle"},"content":{"rendered":"\n<p>En un nuevo golpe contra los delitos ambientales que afectan la biodiversidad del Valle del Cauca, la Polic\u00eda Nacional <strong>captur\u00f3 en flagrancia a seis personas que se encontraban realizando tala indiscriminada <\/strong>de guadua en la vereda La Honda, zona rural del municipio de Buga. El operativo se llev\u00f3 a cabo en el marco de la Operaci\u00f3n \u2018CIPRES XI\u2019, liderada por la Seccional de Carabineros y Protecci\u00f3n Ambiental.<\/p>\n\n\n\n<p>Durante la intervenci\u00f3n, los uniformados hallaron a los implicados en plena actividad de deforestaci\u00f3n, sin contar con los permisos exigidos por la autoridad ambiental. En el lugar fueron incautadas 1.200 unidades de material forestal, que habr\u00edan sido extra\u00eddas de manera ilegal. Seg\u00fan las investigaciones, los ahora capturados obten\u00edan ganancias estimadas en <strong>15 millones de pesos mensuales<\/strong> y habr\u00edan comercializado m\u00e1s de 2.000 unidades de guadua en esta zona del departamento.<\/p>\n\n\n\n<figure class=\"wp-block-embed is-type-video is-provider-youtube wp-block-embed-youtube wp-embed-aspect-16-9 wp-has-aspect-ratio\"><div class=\"wp-block-embed__wrapper\">\n<iframe loading=\"lazy\" title=\"\ud83d\udd0d \u00bfQui\u00e9nes son los seis capturados por tala ilegal en Buga? Impacto ambiental en Valle del Cauca \ud83c\udf0e\" width=\"640\" height=\"360\" src=\"https:\/\/www.youtube.com\/embed\/ldXOIlUo924?feature=oembed\" frameborder=\"0\" allow=\"accelerometer; autoplay; clipboard-write; encrypted-media; gyroscope; picture-in-picture; web-share\" referrerpolicy=\"strict-origin-when-cross-origin\" allowfullscreen><\/iframe>\n<\/div><\/figure>\n\n\n\n<p>Las autoridades se\u00f1alaron que esta actividad il\u00edcita no solo representa un delito econ\u00f3mico, sino tambi\u00e9n un grave atentado contra el medio ambiente. \u201cEste tipo de acciones ilegales generan un impacto irreversible en los ecosistemas, desde la p\u00e9rdida de biodiversidad hasta la alteraci\u00f3n de los ciclos h\u00eddricos y el agravamiento del cambio clim\u00e1tico\u201d, <strong>advirti\u00f3 el Mayor Mauricio Ram\u00edrez Garc\u00eda, jefe de la Seccional de Carabineros y Protecci\u00f3n Ambiental del Departamento de Polic\u00eda Valle.<\/strong><\/p>\n\n\n\n<p>Los capturados fueron dejados a disposici\u00f3n de la Fiscal\u00eda General de la Naci\u00f3n por el delito de aprovechamiento il\u00edcito de los recursos naturales renovables. El material forestal incautado fue entregado a la Corporaci\u00f3n Aut\u00f3noma Regional del Valle del Cauca (CVC), entidad encargada de evaluar el da\u00f1o ambiental y tomar las medidas de recuperaci\u00f3n correspondientes.<\/p>\n\n\n\n<figure class=\"wp-block-image size-large\"><img loading=\"lazy\" decoding=\"async\" width=\"1024\" height=\"771\" src=\"https:\/\/cnctulua.tv\/wp-content\/uploads\/2025\/06\/WhatsApp-Image-2025-06-02-at-4.16.33-PM-1-1024x771.jpeg\" alt=\"\" class=\"wp-image-34454\" srcset=\"https:\/\/cnctulua.tv\/wp-content\/uploads\/2025\/06\/WhatsApp-Image-2025-06-02-at-4.16.33-PM-1-1024x771.jpeg 1024w, https:\/\/cnctulua.tv\/wp-content\/uploads\/2025\/06\/WhatsApp-Image-2025-06-02-at-4.16.33-PM-1-300x226.jpeg 300w, https:\/\/cnctulua.tv\/wp-content\/uploads\/2025\/06\/WhatsApp-Image-2025-06-02-at-4.16.33-PM-1-768x578.jpeg 768w, https:\/\/cnctulua.tv\/wp-content\/uploads\/2025\/06\/WhatsApp-Image-2025-06-02-at-4.16.33-PM-1-1536x1156.jpeg 1536w, https:\/\/cnctulua.tv\/wp-content\/uploads\/2025\/06\/WhatsApp-Image-2025-06-02-at-4.16.33-PM-1.jpeg 1600w\" sizes=\"auto, (max-width: 1024px) 100vw, 1024px\" \/><\/figure>\n\n\n\n<p>Desde la Polic\u00eda Nacional y la CVC se hizo un llamado a la comunidad para denunciar cualquier actividad ilegal que ponga en riesgo la fauna, la flora y los recursos h\u00eddricos del departamento. Asimismo, se record\u00f3 que la protecci\u00f3n del medio ambiente es una responsabilidad compartida que exige vigilancia ciudadana y acciones preventivas constantes.<\/p>\n\n\n\n<p>\u201cEl compromiso con la naturaleza debe ser de todos. Estos delitos, aunque ocurran en \u00e1reas rurales, terminan afectando a las ciudades al alterar los equilibrios ecol\u00f3gicos que sustentan la vida y el desarrollo\u201d, concluy\u00f3 el oficial.<\/p>\n\n\n\n<p>Para reportar actividades sospechosas o delitos ambientales, los ciudadanos pueden comunicarse con la l\u00ednea de emergencia 123.<\/p>\n\n\n\n<figure class=\"wp-block-video\"><\/figure>\n","protected":false},"excerpt":{"rendered":"<p>En un nuevo golpe contra los delitos ambientales que afectan la biodiversidad del Valle del Cauca, la Polic\u00eda Nacional captur\u00f3 en flagrancia a seis personas que se encontraban realizando tala indiscriminada de guadua en la vereda La Honda, zona rural del municipio de Buga. El operativo se llev\u00f3 a cabo en el marco de la [&hellip;]<\/p>\n","protected":false},"author":3,"featured_media":34453,"comment_status":"open","ping_status":"open","sticky":false,"template":"","format":"video","meta":{"footnotes":""},"categories":[10],"tags":[],"class_list":["post-34452","post","type-post","status-publish","format-video","has-post-thumbnail","hentry","category-cnc-noticias-tulua","post_format-post-format-video"],"_links":{"self":[{"href":"https:\/\/cnctulua.tv\/index.php?rest_route=\/wp\/v2\/posts\/34452","targetHints":{"allow":["GET"]}}],"collection":[{"href":"https:\/\/cnctulua.tv\/index.php?rest_route=\/wp\/v2\/posts"}],"about":[{"href":"https:\/\/cnctulua.tv\/index.php?rest_route=\/wp\/v2\/types\/post"}],"author":[{"embeddable":true,"href":"https:\/\/cnctulua.tv\/index.php?rest_route=\/wp\/v2\/users\/3"}],"replies":[{"embeddable":true,"href":"https:\/\/cnctulua.tv\/index.php?rest_route=%2Fwp%2Fv2%2Fcomments&post=34452"}],"version-history":[{"count":1,"href":"https:\/\/cnctulua.tv\/index.php?rest_route=\/wp\/v2\/posts\/34452\/revisions"}],"predecessor-version":[{"id":34455,"href":"https:\/\/cnctulua.tv\/index.php?rest_route=\/wp\/v2\/posts\/34452\/revisions\/34455"}],"wp:featuredmedia":[{"embeddable":true,"href":"https:\/\/cnctulua.tv\/index.php?rest_route=\/wp\/v2\/media\/34453"}],"wp:attachment":[{"href":"https:\/\/cnctulua.tv\/index.php?rest_route=%2Fwp%2Fv2%2Fmedia&parent=34452"}],"wp:term":[{"taxonomy":"category","embeddable":true,"href":"https:\/\/cnctulua.tv\/index.php?rest_route=%2Fwp%2Fv2%2Fcategories&post=34452"},{"taxonomy":"post_tag","embeddable":true,"href":"https:\/\/cnctulua.tv\/index.php?rest_route=%2Fwp%2Fv2%2Ftags&post=34452"}],"curies":[{"name":"wp","href":"https:\/\/api.w.org\/{rel}","templated":true}]}}