{"id":34481,"date":"2025-06-03T20:13:28","date_gmt":"2025-06-03T20:13:28","guid":{"rendered":"https:\/\/cnctulua.tv\/?p=34481"},"modified":"2025-06-03T20:13:28","modified_gmt":"2025-06-03T20:13:28","slug":"golpe-de-oro-en-cali-la-emavi-fue-el-ring-del-campamento-internacional-de-taekwondo-2025","status":"publish","type":"post","link":"https:\/\/cnctulua.tv\/?p=34481","title":{"rendered":"\u00a1Golpe de oro en Cali! La EMAVI fue el ring del Campamento Internacional de Taekwondo 2025"},"content":{"rendered":"\n<p>Cali volvi\u00f3 a poner en la pelea a Colombia en la escena internacional del deporte. La Escuela Militar de Aviaci\u00f3n se convirti\u00f3 en el tatami donde 380 j\u00f3venes guerreros del Taekwondo, desde novatos hasta cinturones negros, desplegaron todo su arsenal t\u00e9cnico en el Campamento Internacional 2025. <strong>Con delegaciones de Colombia, Argentina, Cuba y Brasil, y Corea del Sur como pa\u00eds invitado de honor, el evento fue puro knockout en integraci\u00f3n, cultura y talento.<\/strong><\/p>\n\n\n\n<p>Desde los m\u00e1s peque\u00f1os que apenas comienzan su camino hasta los m\u00e1s avanzados que dominan el arte del golpeo y defensa, el campamento mostr\u00f3 combates de <strong>alto nivel en freestyle, poomsae y defensa personal.<\/strong> Los competidores dejaron claro que no solo buscan la medalla, sino que entrenan para ser completos en cuerpo y mente, gracias a seminarios clave de reglamentaci\u00f3n, psicolog\u00eda deportiva y fuerza aplicada a deportes de combate.<\/p>\n\n\n\n<figure class=\"wp-block-embed is-type-video is-provider-youtube wp-block-embed-youtube wp-embed-aspect-16-9 wp-has-aspect-ratio\"><div class=\"wp-block-embed__wrapper\">\n<iframe loading=\"lazy\" title=\"\ud83e\udd4b Campamento Internacional de Taekwondo 2025: Talento y disciplina desde todas las regiones\" width=\"640\" height=\"360\" src=\"https:\/\/www.youtube.com\/embed\/pINznVMvxRs?feature=oembed\" frameborder=\"0\" allow=\"accelerometer; autoplay; clipboard-write; encrypted-media; gyroscope; picture-in-picture; web-share\" referrerpolicy=\"strict-origin-when-cross-origin\" allowfullscreen><\/iframe>\n<\/div><\/figure>\n\n\n\n<p>Los equipos de la Fuerza Aeroespacial Colombiana, Armada Nacional y selecciones de Pereira, Manizales, Bogot\u00e1, Cartago y el Valle del Cauca demostraron que el Taekwondo es m\u00e1s que un deporte: es un estilo de vida que une generaciones y naciones en un solo ring de respeto y pasi\u00f3n.<\/p>\n\n\n\n<figure class=\"wp-block-image size-large\"><img loading=\"lazy\" decoding=\"async\" width=\"1024\" height=\"768\" src=\"https:\/\/cnctulua.tv\/wp-content\/uploads\/2025\/06\/WhatsApp-Image-2025-06-03-at-8.10.11-AM-3-1024x768.jpeg\" alt=\"\" class=\"wp-image-34484\" srcset=\"https:\/\/cnctulua.tv\/wp-content\/uploads\/2025\/06\/WhatsApp-Image-2025-06-03-at-8.10.11-AM-3-1024x768.jpeg 1024w, https:\/\/cnctulua.tv\/wp-content\/uploads\/2025\/06\/WhatsApp-Image-2025-06-03-at-8.10.11-AM-3-300x225.jpeg 300w, https:\/\/cnctulua.tv\/wp-content\/uploads\/2025\/06\/WhatsApp-Image-2025-06-03-at-8.10.11-AM-3-768x576.jpeg 768w, https:\/\/cnctulua.tv\/wp-content\/uploads\/2025\/06\/WhatsApp-Image-2025-06-03-at-8.10.11-AM-3-1536x1152.jpeg 1536w, https:\/\/cnctulua.tv\/wp-content\/uploads\/2025\/06\/WhatsApp-Image-2025-06-03-at-8.10.11-AM-3-2048x1536.jpeg 2048w\" sizes=\"auto, (max-width: 1024px) 100vw, 1024px\" \/><\/figure>\n\n\n\n<p>El evento tuvo el honor de contar con figuras de alto nivel como el General Luis Carlos C\u00f3rdoba Avenda\u00f1o, comandante de la Fuerza Aeroespacial, y el embajador de Corea en Colombia, Wang Keun Lee, quienes dieron la bienvenida oficial en una ceremonia que fue puro fair play y compa\u00f1erismo.<\/p>\n\n\n\n<figure class=\"wp-block-image size-large\"><img loading=\"lazy\" decoding=\"async\" width=\"1024\" height=\"768\" src=\"https:\/\/cnctulua.tv\/wp-content\/uploads\/2025\/06\/WhatsApp-Image-2025-06-03-at-8.10.12-AM-1-1024x768.jpeg\" alt=\"\" class=\"wp-image-34485\" srcset=\"https:\/\/cnctulua.tv\/wp-content\/uploads\/2025\/06\/WhatsApp-Image-2025-06-03-at-8.10.12-AM-1-1024x768.jpeg 1024w, https:\/\/cnctulua.tv\/wp-content\/uploads\/2025\/06\/WhatsApp-Image-2025-06-03-at-8.10.12-AM-1-300x225.jpeg 300w, https:\/\/cnctulua.tv\/wp-content\/uploads\/2025\/06\/WhatsApp-Image-2025-06-03-at-8.10.12-AM-1-768x576.jpeg 768w, https:\/\/cnctulua.tv\/wp-content\/uploads\/2025\/06\/WhatsApp-Image-2025-06-03-at-8.10.12-AM-1-1536x1152.jpeg 1536w, https:\/\/cnctulua.tv\/wp-content\/uploads\/2025\/06\/WhatsApp-Image-2025-06-03-at-8.10.12-AM-1-2048x1536.jpeg 2048w\" sizes=\"auto, (max-width: 1024px) 100vw, 1024px\" \/><\/figure>\n\n\n\n<p>En definitiva, el <strong>Campamento Internacional de Taekwondo 2025 en la EMAVI<\/strong> fue un verdadero round ganado para el deporte, la cultura y la paz, consolidando a Cali como la capital deportiva que sigue sumando puntos en el tablero mundial.<\/p>\n\n\n\n<figure class=\"wp-block-video\"><\/figure>\n","protected":false},"excerpt":{"rendered":"<p>Cali volvi\u00f3 a poner en la pelea a Colombia en la escena internacional del deporte. La Escuela Militar de Aviaci\u00f3n se convirti\u00f3 en el tatami donde 380 j\u00f3venes guerreros del Taekwondo, desde novatos hasta cinturones negros, desplegaron todo su arsenal t\u00e9cnico en el Campamento Internacional 2025. Con delegaciones de Colombia, Argentina, Cuba y Brasil, y [&hellip;]<\/p>\n","protected":false},"author":3,"featured_media":34483,"comment_status":"open","ping_status":"open","sticky":false,"template":"","format":"video","meta":{"footnotes":""},"categories":[10],"tags":[],"class_list":["post-34481","post","type-post","status-publish","format-video","has-post-thumbnail","hentry","category-cnc-noticias-tulua","post_format-post-format-video"],"_links":{"self":[{"href":"https:\/\/cnctulua.tv\/index.php?rest_route=\/wp\/v2\/posts\/34481","targetHints":{"allow":["GET"]}}],"collection":[{"href":"https:\/\/cnctulua.tv\/index.php?rest_route=\/wp\/v2\/posts"}],"about":[{"href":"https:\/\/cnctulua.tv\/index.php?rest_route=\/wp\/v2\/types\/post"}],"author":[{"embeddable":true,"href":"https:\/\/cnctulua.tv\/index.php?rest_route=\/wp\/v2\/users\/3"}],"replies":[{"embeddable":true,"href":"https:\/\/cnctulua.tv\/index.php?rest_route=%2Fwp%2Fv2%2Fcomments&post=34481"}],"version-history":[{"count":1,"href":"https:\/\/cnctulua.tv\/index.php?rest_route=\/wp\/v2\/posts\/34481\/revisions"}],"predecessor-version":[{"id":34486,"href":"https:\/\/cnctulua.tv\/index.php?rest_route=\/wp\/v2\/posts\/34481\/revisions\/34486"}],"wp:featuredmedia":[{"embeddable":true,"href":"https:\/\/cnctulua.tv\/index.php?rest_route=\/wp\/v2\/media\/34483"}],"wp:attachment":[{"href":"https:\/\/cnctulua.tv\/index.php?rest_route=%2Fwp%2Fv2%2Fmedia&parent=34481"}],"wp:term":[{"taxonomy":"category","embeddable":true,"href":"https:\/\/cnctulua.tv\/index.php?rest_route=%2Fwp%2Fv2%2Fcategories&post=34481"},{"taxonomy":"post_tag","embeddable":true,"href":"https:\/\/cnctulua.tv\/index.php?rest_route=%2Fwp%2Fv2%2Ftags&post=34481"}],"curies":[{"name":"wp","href":"https:\/\/api.w.org\/{rel}","templated":true}]}}