{"id":34487,"date":"2025-06-03T20:15:43","date_gmt":"2025-06-03T20:15:43","guid":{"rendered":"https:\/\/cnctulua.tv\/?p=34487"},"modified":"2025-06-03T20:15:43","modified_gmt":"2025-06-03T20:15:43","slug":"cali-se-convierte-en-la-capital-del-paracaidismo-con-el-campeonato-nacional-emavi-2025","status":"publish","type":"post","link":"https:\/\/cnctulua.tv\/?p=34487","title":{"rendered":"Cali se convierte en la capital del paracaidismo con el Campeonato Nacional EMAVI 2025"},"content":{"rendered":"\n<p>La Escuela Militar de Aviaci\u00f3n \u201cMarco Fidel Su\u00e1rez\u201d (EMAVI), en Cali, Valle del Cauca, fue la sede de la cuarta edici\u00f3n del Campeonato Nacional de Paracaidismo 2025, organizado por la Fuerza Aeroespacial Colombiana. En el evento participaron m\u00e1s de 80 paracaidistas distribuidos en 14 equipos de diferentes fuerzas militares y civiles.<\/p>\n\n\n\n<p>Entre los equipos estuvieron los \u201c\u00c1guila de Gules\u201d de la FAC, el Grupo de Operaciones Especiales A\u00e9reas (GROEA), el S\u00e9ptimo Grupo de Fuerzas Especiales del Ej\u00e9rcito de Estados Unidos, as\u00ed como representantes del Ej\u00e9rcito Nacional, la Armada, la Polic\u00eda Nacional y el equipo civil Xielo Skydive Colombia.<\/p>\n\n\n\n<figure class=\"wp-block-embed is-type-video is-provider-youtube wp-block-embed-youtube wp-embed-aspect-16-9 wp-has-aspect-ratio\"><div class=\"wp-block-embed__wrapper\">\n<iframe loading=\"lazy\" title=\"Cali 2025: Paracaidismo Nacional en Acci\u00f3n \ud83e\ude82 | Campeonato EMAVI Desde la Sultana del Valle\" width=\"640\" height=\"360\" src=\"https:\/\/www.youtube.com\/embed\/1RGoPCWBses?feature=oembed\" frameborder=\"0\" allow=\"accelerometer; autoplay; clipboard-write; encrypted-media; gyroscope; picture-in-picture; web-share\" referrerpolicy=\"strict-origin-when-cross-origin\" allowfullscreen><\/iframe>\n<\/div><\/figure>\n\n\n\n<p>Durante el campeonato, los competidores disputaron modalidades como vuelo en formaci\u00f3n, estilo libre y precisi\u00f3n de aterrizaje. Cada prueba buscaba evaluar la t\u00e9cnica y la coordinaci\u00f3n de los participantes en condiciones controladas.<\/p>\n\n\n\n<p>Para el desarrollo de las actividades, la Fuerza Aeroespacial desplaz\u00f3 un avi\u00f3n C-295 desde Bogot\u00e1, operado por el Comando A\u00e9reo de Transporte Militar (CATAM), y un C-212 desde Cali, perteneciente a la EMAVI. En total, se realizaron cerca de 20 saltos diarios sobre la ciudad de Cali.<\/p>\n\n\n\n<figure class=\"wp-block-image size-large\"><img loading=\"lazy\" decoding=\"async\" width=\"1024\" height=\"818\" src=\"https:\/\/cnctulua.tv\/wp-content\/uploads\/2025\/06\/WhatsApp-Image-2025-06-03-at-8.09.11-AM-1-1024x818.jpeg\" alt=\"\" class=\"wp-image-34489\" srcset=\"https:\/\/cnctulua.tv\/wp-content\/uploads\/2025\/06\/WhatsApp-Image-2025-06-03-at-8.09.11-AM-1-1024x818.jpeg 1024w, https:\/\/cnctulua.tv\/wp-content\/uploads\/2025\/06\/WhatsApp-Image-2025-06-03-at-8.09.11-AM-1-300x240.jpeg 300w, https:\/\/cnctulua.tv\/wp-content\/uploads\/2025\/06\/WhatsApp-Image-2025-06-03-at-8.09.11-AM-1-768x614.jpeg 768w, https:\/\/cnctulua.tv\/wp-content\/uploads\/2025\/06\/WhatsApp-Image-2025-06-03-at-8.09.11-AM-1.jpeg 1280w\" sizes=\"auto, (max-width: 1024px) 100vw, 1024px\" \/><\/figure>\n\n\n\n<p>El Campeonato Nacional de Paracaidismo EMAVI 2025 sirvi\u00f3 como un espacio para la competencia, el intercambio de experiencias y la consolidaci\u00f3n del paracaidismo como disciplina deportiva y militar en Colombia.<\/p>\n\n\n\n<figure class=\"wp-block-video\"><\/figure>\n","protected":false},"excerpt":{"rendered":"<p>La Escuela Militar de Aviaci\u00f3n \u201cMarco Fidel Su\u00e1rez\u201d (EMAVI), en Cali, Valle del Cauca, fue la sede de la cuarta edici\u00f3n del Campeonato Nacional de Paracaidismo 2025, organizado por la Fuerza Aeroespacial Colombiana. En el evento participaron m\u00e1s de 80 paracaidistas distribuidos en 14 equipos de diferentes fuerzas militares y civiles. Entre los equipos estuvieron [&hellip;]<\/p>\n","protected":false},"author":3,"featured_media":34488,"comment_status":"open","ping_status":"open","sticky":false,"template":"","format":"video","meta":{"footnotes":""},"categories":[10],"tags":[],"class_list":["post-34487","post","type-post","status-publish","format-video","has-post-thumbnail","hentry","category-cnc-noticias-tulua","post_format-post-format-video"],"_links":{"self":[{"href":"https:\/\/cnctulua.tv\/index.php?rest_route=\/wp\/v2\/posts\/34487","targetHints":{"allow":["GET"]}}],"collection":[{"href":"https:\/\/cnctulua.tv\/index.php?rest_route=\/wp\/v2\/posts"}],"about":[{"href":"https:\/\/cnctulua.tv\/index.php?rest_route=\/wp\/v2\/types\/post"}],"author":[{"embeddable":true,"href":"https:\/\/cnctulua.tv\/index.php?rest_route=\/wp\/v2\/users\/3"}],"replies":[{"embeddable":true,"href":"https:\/\/cnctulua.tv\/index.php?rest_route=%2Fwp%2Fv2%2Fcomments&post=34487"}],"version-history":[{"count":1,"href":"https:\/\/cnctulua.tv\/index.php?rest_route=\/wp\/v2\/posts\/34487\/revisions"}],"predecessor-version":[{"id":34490,"href":"https:\/\/cnctulua.tv\/index.php?rest_route=\/wp\/v2\/posts\/34487\/revisions\/34490"}],"wp:featuredmedia":[{"embeddable":true,"href":"https:\/\/cnctulua.tv\/index.php?rest_route=\/wp\/v2\/media\/34488"}],"wp:attachment":[{"href":"https:\/\/cnctulua.tv\/index.php?rest_route=%2Fwp%2Fv2%2Fmedia&parent=34487"}],"wp:term":[{"taxonomy":"category","embeddable":true,"href":"https:\/\/cnctulua.tv\/index.php?rest_route=%2Fwp%2Fv2%2Fcategories&post=34487"},{"taxonomy":"post_tag","embeddable":true,"href":"https:\/\/cnctulua.tv\/index.php?rest_route=%2Fwp%2Fv2%2Ftags&post=34487"}],"curies":[{"name":"wp","href":"https:\/\/api.w.org\/{rel}","templated":true}]}}