{"id":34514,"date":"2025-06-04T18:36:16","date_gmt":"2025-06-04T18:36:16","guid":{"rendered":"https:\/\/cnctulua.tv\/?p=34514"},"modified":"2025-06-04T18:36:16","modified_gmt":"2025-06-04T18:36:16","slug":"vehiculo-de-servicio-publico-se-incendio-en-la-via-tulua-andalucia-ocupantes-resultaron-ilesos","status":"publish","type":"post","link":"https:\/\/cnctulua.tv\/?p=34514","title":{"rendered":"Veh\u00edculo de servicio p\u00fablico se incendi\u00f3 en la v\u00eda Tulu\u00e1\u2013Andaluc\u00eda: ocupantes resultaron ilesos"},"content":{"rendered":"\n<p>En la tarde del martes 3 de junio, un veh\u00edculo de servicio p\u00fablico sufri\u00f3 un incendio en la doble calzada que conecta los municipios de <strong>Tulu\u00e1 y Andaluc\u00eda<\/strong>, espec\u00edficamente en el sector conocido como la \u201cCurva de las Feas\u201d, en la vereda Zabaletas.<\/p>\n\n\n\n<p>Seg\u00fan el reporte del <strong>Cabo Jairo Rojas, del Cuerpo de Bomberos Voluntarios de Tulu\u00e1<\/strong>, el siniestro fue ocasionado aparentemente por un cortocircuito en la parte delantera del motor de la camioneta marca Kia. El veh\u00edculo transportaba cuatro personas, tres pasajeras y el conductor, quienes lograron evacuar a tiempo y resultaron ilesos.<\/p>\n\n\n\n<figure class=\"wp-block-embed is-type-video is-provider-youtube wp-block-embed-youtube wp-embed-aspect-16-9 wp-has-aspect-ratio\"><div class=\"wp-block-embed__wrapper\">\n<iframe loading=\"lazy\" title=\"\ud83d\udea8 Incendio en veh\u00edculo en Tulu\u00e1-Andaluc\u00eda | Bomberos act\u00faan r\u00e1pido\" width=\"640\" height=\"360\" src=\"https:\/\/www.youtube.com\/embed\/dBtuF0NZMoA?feature=oembed\" frameborder=\"0\" allow=\"accelerometer; autoplay; clipboard-write; encrypted-media; gyroscope; picture-in-picture; web-share\" referrerpolicy=\"strict-origin-when-cross-origin\" allowfullscreen><\/iframe>\n<\/div><\/figure>\n\n\n\n<p>La <strong>conflagraci\u00f3n fue controlada r\u00e1pidamente<\/strong> gracias a la intervenci\u00f3n coordinada de los cuerpos de bomberos de Tulu\u00e1 y Andaluc\u00eda, evitando que el incendio se propagara y causara da\u00f1os mayores. No obstante, la camioneta sufri\u00f3 p\u00e9rdida total.<\/p>\n\n\n\n<p>Las autoridades y el cuerpo de bomberos hacen un llamado a los conductores para que realicen revisiones peri\u00f3dicas a sus veh\u00edculos, especialmente en el sistema el\u00e9ctrico, con el fin de prevenir este tipo de incidentes que ponen en riesgo la seguridad de los pasajeros y usuarios de la v\u00eda. El caso pone en evidencia la importancia del mantenimiento preventivo y la r\u00e1pida reacci\u00f3n de los equipos de emergencia para evitar tragedias en las carreteras del Valle del Cauca.<\/p>\n\n\n\n<figure class=\"wp-block-video\"><\/figure>\n","protected":false},"excerpt":{"rendered":"<p>En la tarde del martes 3 de junio, un veh\u00edculo de servicio p\u00fablico sufri\u00f3 un incendio en la doble calzada que conecta los municipios de Tulu\u00e1 y Andaluc\u00eda, espec\u00edficamente en el sector conocido como la \u201cCurva de las Feas\u201d, en la vereda Zabaletas. Seg\u00fan el reporte del Cabo Jairo Rojas, del Cuerpo de Bomberos Voluntarios [&hellip;]<\/p>\n","protected":false},"author":3,"featured_media":34515,"comment_status":"open","ping_status":"open","sticky":false,"template":"","format":"video","meta":{"footnotes":""},"categories":[10],"tags":[],"class_list":["post-34514","post","type-post","status-publish","format-video","has-post-thumbnail","hentry","category-cnc-noticias-tulua","post_format-post-format-video"],"_links":{"self":[{"href":"https:\/\/cnctulua.tv\/index.php?rest_route=\/wp\/v2\/posts\/34514","targetHints":{"allow":["GET"]}}],"collection":[{"href":"https:\/\/cnctulua.tv\/index.php?rest_route=\/wp\/v2\/posts"}],"about":[{"href":"https:\/\/cnctulua.tv\/index.php?rest_route=\/wp\/v2\/types\/post"}],"author":[{"embeddable":true,"href":"https:\/\/cnctulua.tv\/index.php?rest_route=\/wp\/v2\/users\/3"}],"replies":[{"embeddable":true,"href":"https:\/\/cnctulua.tv\/index.php?rest_route=%2Fwp%2Fv2%2Fcomments&post=34514"}],"version-history":[{"count":1,"href":"https:\/\/cnctulua.tv\/index.php?rest_route=\/wp\/v2\/posts\/34514\/revisions"}],"predecessor-version":[{"id":34516,"href":"https:\/\/cnctulua.tv\/index.php?rest_route=\/wp\/v2\/posts\/34514\/revisions\/34516"}],"wp:featuredmedia":[{"embeddable":true,"href":"https:\/\/cnctulua.tv\/index.php?rest_route=\/wp\/v2\/media\/34515"}],"wp:attachment":[{"href":"https:\/\/cnctulua.tv\/index.php?rest_route=%2Fwp%2Fv2%2Fmedia&parent=34514"}],"wp:term":[{"taxonomy":"category","embeddable":true,"href":"https:\/\/cnctulua.tv\/index.php?rest_route=%2Fwp%2Fv2%2Fcategories&post=34514"},{"taxonomy":"post_tag","embeddable":true,"href":"https:\/\/cnctulua.tv\/index.php?rest_route=%2Fwp%2Fv2%2Ftags&post=34514"}],"curies":[{"name":"wp","href":"https:\/\/api.w.org\/{rel}","templated":true}]}}