{"id":34521,"date":"2025-06-04T18:45:33","date_gmt":"2025-06-04T18:45:33","guid":{"rendered":"https:\/\/cnctulua.tv\/?p=34521"},"modified":"2025-06-04T18:45:33","modified_gmt":"2025-06-04T18:45:33","slug":"tres-capturados-en-buenaventura-estarian-vinculados-a-grupo-armado-responsable-de-homicidios-y-desplazamientos","status":"publish","type":"post","link":"https:\/\/cnctulua.tv\/?p=34521","title":{"rendered":"TRES CAPTURADOS EN BUENAVENTURA: estar\u00edan vinculados a grupo armado responsable de homicidios y desplazamientos"},"content":{"rendered":"\n<p>Tres personas fueron capturadas en el corregimiento de Bajo Calima, zona rural del municipio de Buenaventura, en medio de una operaci\u00f3n de registro y allanamiento que permiti\u00f3 la incautaci\u00f3n de armas de fuego y municiones. Seg\u00fan las investigaciones preliminares, <strong>los detenidos estar\u00edan vinculados al grupo armado ilegal conocido como Frente Jaime Mart\u00ednez.<\/strong><\/p>\n\n\n\n<p>Las capturas se realizaron en el marco de una operaci\u00f3n conjunta de las autoridades, tras una labor de inteligencia que condujo a tres inmuebles se\u00f1alados como posibles dep\u00f3sitos clandestinos de armamento. En el lugar se hall\u00f3 un <strong>fusil calibre 5.56 mm, dos pistolas calibre 9 mm, cuatro proveedores y m\u00e1s de 120 cartuchos de distintos calibres<\/strong>, adem\u00e1s de tel\u00e9fonos celulares que ser\u00e1n analizados en el proceso investigativo.<\/p>\n\n\n\n<figure class=\"wp-block-embed is-type-video is-provider-youtube wp-block-embed-youtube wp-embed-aspect-16-9 wp-has-aspect-ratio\"><div class=\"wp-block-embed__wrapper\">\n<iframe loading=\"lazy\" title=\"Capturan a tres presuntos miembros de grupo armado ilegal en Buenaventura | Operativo en Bajo Calima\" width=\"640\" height=\"360\" src=\"https:\/\/www.youtube.com\/embed\/Qco9WZlTj8c?feature=oembed\" frameborder=\"0\" allow=\"accelerometer; autoplay; clipboard-write; encrypted-media; gyroscope; picture-in-picture; web-share\" referrerpolicy=\"strict-origin-when-cross-origin\" allowfullscreen><\/iframe>\n<\/div><\/figure>\n\n\n\n<p>De acuerdo con fuentes judiciales, uno de los capturados estar\u00eda directamente relacionado con un triple homicidio registrado el pasado 20 de febrero en esa misma zona, donde fueron hallados tres cuerpos en estado de descomposici\u00f3n. Las v\u00edctimas presentaban impactos de arma de fuego.<\/p>\n\n\n\n<p>Los tres capturados enfrentar\u00e1n cargos por delitos como porte ilegal de armas de uso privativo, concierto para delinquir y homicidio, entre otros. Mientras avanzan las investigaciones, los detenidos permanecen a disposici\u00f3n de la Fiscal\u00eda General de la Naci\u00f3n.<\/p>\n\n\n\n<p>Esta acci\u00f3n forma parte de los esfuerzos por contener el accionar violento de grupos armados en el litoral pac\u00edfico, donde persisten las disputas por control de rutas del narcotr\u00e1fico, extorsiones y desplazamientos forzados que afectan a las comunidades rurales de la regi\u00f3n.<\/p>\n\n\n\n<figure class=\"wp-block-video\"><\/figure>\n","protected":false},"excerpt":{"rendered":"<p>Tres personas fueron capturadas en el corregimiento de Bajo Calima, zona rural del municipio de Buenaventura, en medio de una operaci\u00f3n de registro y allanamiento que permiti\u00f3 la incautaci\u00f3n de armas de fuego y municiones. Seg\u00fan las investigaciones preliminares, los detenidos estar\u00edan vinculados al grupo armado ilegal conocido como Frente Jaime Mart\u00ednez. Las capturas se [&hellip;]<\/p>\n","protected":false},"author":3,"featured_media":34528,"comment_status":"open","ping_status":"open","sticky":false,"template":"","format":"video","meta":{"footnotes":""},"categories":[10],"tags":[],"class_list":["post-34521","post","type-post","status-publish","format-video","has-post-thumbnail","hentry","category-cnc-noticias-tulua","post_format-post-format-video"],"_links":{"self":[{"href":"https:\/\/cnctulua.tv\/index.php?rest_route=\/wp\/v2\/posts\/34521","targetHints":{"allow":["GET"]}}],"collection":[{"href":"https:\/\/cnctulua.tv\/index.php?rest_route=\/wp\/v2\/posts"}],"about":[{"href":"https:\/\/cnctulua.tv\/index.php?rest_route=\/wp\/v2\/types\/post"}],"author":[{"embeddable":true,"href":"https:\/\/cnctulua.tv\/index.php?rest_route=\/wp\/v2\/users\/3"}],"replies":[{"embeddable":true,"href":"https:\/\/cnctulua.tv\/index.php?rest_route=%2Fwp%2Fv2%2Fcomments&post=34521"}],"version-history":[{"count":1,"href":"https:\/\/cnctulua.tv\/index.php?rest_route=\/wp\/v2\/posts\/34521\/revisions"}],"predecessor-version":[{"id":34522,"href":"https:\/\/cnctulua.tv\/index.php?rest_route=\/wp\/v2\/posts\/34521\/revisions\/34522"}],"wp:featuredmedia":[{"embeddable":true,"href":"https:\/\/cnctulua.tv\/index.php?rest_route=\/wp\/v2\/media\/34528"}],"wp:attachment":[{"href":"https:\/\/cnctulua.tv\/index.php?rest_route=%2Fwp%2Fv2%2Fmedia&parent=34521"}],"wp:term":[{"taxonomy":"category","embeddable":true,"href":"https:\/\/cnctulua.tv\/index.php?rest_route=%2Fwp%2Fv2%2Fcategories&post=34521"},{"taxonomy":"post_tag","embeddable":true,"href":"https:\/\/cnctulua.tv\/index.php?rest_route=%2Fwp%2Fv2%2Ftags&post=34521"}],"curies":[{"name":"wp","href":"https:\/\/api.w.org\/{rel}","templated":true}]}}