{"id":34544,"date":"2025-06-04T19:05:56","date_gmt":"2025-06-04T19:05:56","guid":{"rendered":"https:\/\/cnctulua.tv\/?p=34544"},"modified":"2025-06-04T19:05:56","modified_gmt":"2025-06-04T19:05:56","slug":"autoridades-de-salud-en-valle-del-cauca-hacen-llamado-urgente-para-prevenir-casos-de-tosferina","status":"publish","type":"post","link":"https:\/\/cnctulua.tv\/?p=34544","title":{"rendered":"Autoridades de salud en Valle del Cauca hacen llamado urgente para prevenir casos de tosferina"},"content":{"rendered":"\n<p>Con el objetivo de prevenir nuevos casos de tosferina en el Valle del Cauca, las autoridades de salud insisten en la importancia de actualizar los esquemas de vacunaci\u00f3n, especialmente en mujeres gestantes y ni\u00f1os. La tosferina es una enfermedad infecciosa que afecta principalmente el sistema respiratorio y puede poner en grave riesgo la vida de los menores.<\/p>\n\n\n\n<p>\u201cLa tosferina es una enfermedad que afecta principalmente a los ni\u00f1os. Compromete el sistema respiratorio, dificulta la entrada de aire a los pulmones y puede provocar consecuencias graves como da\u00f1o cerebral o incluso la muerte\u201d, explic\u00f3 Mar\u00eda Cristina Lesmes, secretaria de Salud del Valle del Cauca.<\/p>\n\n\n\n<p>Entre las principales recomendaciones est\u00e1 la vacunaci\u00f3n a las mujeres embarazadas a partir de la semana 26 de gestaci\u00f3n y a los ni\u00f1os conforme al esquema nacional de inmunizaci\u00f3n. \u201cInvito a todas las mujeres que est\u00e9n en la semana 26 de embarazo a aplicarse la vacuna contra la tosferina. Es una forma de garantizar a su beb\u00e9 una llegada al mundo m\u00e1s segura y libre de un virus que puede causar una infecci\u00f3n respiratoria severa, con riesgo de muerte o da\u00f1o cerebral irreversible por falta de ox\u00edgeno\u201d, agreg\u00f3 la funcionaria.<\/p>\n\n\n\n<figure class=\"wp-block-embed is-type-video is-provider-youtube wp-block-embed-youtube wp-embed-aspect-16-9 wp-has-aspect-ratio\"><div class=\"wp-block-embed__wrapper\">\n<iframe loading=\"lazy\" title=\"\ud83d\udea8 \u00bfSabes c\u00f3mo proteger a los beb\u00e9s de la tosferina? Vac\u00fanate ya\" width=\"640\" height=\"360\" src=\"https:\/\/www.youtube.com\/embed\/3ko-dr38LXk?feature=oembed\" frameborder=\"0\" allow=\"accelerometer; autoplay; clipboard-write; encrypted-media; gyroscope; picture-in-picture; web-share\" referrerpolicy=\"strict-origin-when-cross-origin\" allowfullscreen><\/iframe>\n<\/div><\/figure>\n\n\n\n<p>Actualmente, la cobertura en el departamento alcanza un 86% en la vacunaci\u00f3n contra difteria, tosferina y t\u00e9tanos. Sin embargo, es fundamental que las familias mantengan los esquemas de vacunaci\u00f3n actualizados y est\u00e9n atentos a s\u00edntomas de alerta, como dificultad respiratoria y v\u00f3mitos, que podr\u00edan indicar la presencia de esta enfermedad.<\/p>\n\n\n\n<p>Las autoridades de salud contin\u00faan trabajando en campa\u00f1as de sensibilizaci\u00f3n para garantizar que la poblaci\u00f3n m\u00e1s vulnerable est\u00e9 protegida y evitar brotes que puedan afectar la salud p\u00fablica en la regi\u00f3n.<\/p>\n\n\n\n<figure class=\"wp-block-video\"><\/figure>\n","protected":false},"excerpt":{"rendered":"<p>Con el objetivo de prevenir nuevos casos de tosferina en el Valle del Cauca, las autoridades de salud insisten en la importancia de actualizar los esquemas de vacunaci\u00f3n, especialmente en mujeres gestantes y ni\u00f1os. La tosferina es una enfermedad infecciosa que afecta principalmente el sistema respiratorio y puede poner en grave riesgo la vida de [&hellip;]<\/p>\n","protected":false},"author":3,"featured_media":34545,"comment_status":"open","ping_status":"open","sticky":false,"template":"","format":"video","meta":{"footnotes":""},"categories":[10],"tags":[],"class_list":["post-34544","post","type-post","status-publish","format-video","has-post-thumbnail","hentry","category-cnc-noticias-tulua","post_format-post-format-video"],"_links":{"self":[{"href":"https:\/\/cnctulua.tv\/index.php?rest_route=\/wp\/v2\/posts\/34544","targetHints":{"allow":["GET"]}}],"collection":[{"href":"https:\/\/cnctulua.tv\/index.php?rest_route=\/wp\/v2\/posts"}],"about":[{"href":"https:\/\/cnctulua.tv\/index.php?rest_route=\/wp\/v2\/types\/post"}],"author":[{"embeddable":true,"href":"https:\/\/cnctulua.tv\/index.php?rest_route=\/wp\/v2\/users\/3"}],"replies":[{"embeddable":true,"href":"https:\/\/cnctulua.tv\/index.php?rest_route=%2Fwp%2Fv2%2Fcomments&post=34544"}],"version-history":[{"count":1,"href":"https:\/\/cnctulua.tv\/index.php?rest_route=\/wp\/v2\/posts\/34544\/revisions"}],"predecessor-version":[{"id":34546,"href":"https:\/\/cnctulua.tv\/index.php?rest_route=\/wp\/v2\/posts\/34544\/revisions\/34546"}],"wp:featuredmedia":[{"embeddable":true,"href":"https:\/\/cnctulua.tv\/index.php?rest_route=\/wp\/v2\/media\/34545"}],"wp:attachment":[{"href":"https:\/\/cnctulua.tv\/index.php?rest_route=%2Fwp%2Fv2%2Fmedia&parent=34544"}],"wp:term":[{"taxonomy":"category","embeddable":true,"href":"https:\/\/cnctulua.tv\/index.php?rest_route=%2Fwp%2Fv2%2Fcategories&post=34544"},{"taxonomy":"post_tag","embeddable":true,"href":"https:\/\/cnctulua.tv\/index.php?rest_route=%2Fwp%2Fv2%2Ftags&post=34544"}],"curies":[{"name":"wp","href":"https:\/\/api.w.org\/{rel}","templated":true}]}}