{"id":34547,"date":"2025-06-04T19:07:55","date_gmt":"2025-06-04T19:07:55","guid":{"rendered":"https:\/\/cnctulua.tv\/?p=34547"},"modified":"2025-06-04T19:07:55","modified_gmt":"2025-06-04T19:07:55","slug":"la-uceva-reconocio-la-trayectoria-del-magister-jailer-tovar-en-el-centro-cultural-gustavo-alvarez-gardeazabal","status":"publish","type":"post","link":"https:\/\/cnctulua.tv\/?p=34547","title":{"rendered":"La UCEVA reconoci\u00f3 la trayectoria del mag\u00edster Jailer Tovar en el Centro Cultural Gustavo \u00c1lvarez Gardeazabal"},"content":{"rendered":"\n<p>En la noche del martes, el Centro Cultural Gustavo \u00c1lvarez Gardeazabal fue escenario de una emotiva ceremonia en la que la Universidad Central del Valle del Cauca (UCEVA) entreg\u00f3 un reconocimiento especial al mag\u00edster Jailer Tovar Perea, docente destacado y referente del departamento de idiomas.<\/p>\n\n\n\n<p>Con m\u00e1s de dos d\u00e9cadas de experiencia en la instituci\u00f3n, Tovar ha dejado una huella profunda en la formaci\u00f3n de profesionales en lenguas extranjeras. Grace Price Roca, egresada de la UCEVA, fue la encargada de entregar el reconocimiento y destac\u00f3 la valiosa contribuci\u00f3n de Jailer a la academia. \u201cSu labor trasciende la ense\u00f1anza del idioma; promueve la difusi\u00f3n cultural y la formaci\u00f3n integral de sus estudiantes, prepar\u00e1ndolos como ciudadanos globales. A sus casi 71 a\u00f1os, ha completado dos especializaciones simult\u00e1neamente y contin\u00faa demostrando un compromiso inquebrantable con la educaci\u00f3n\u201d, expres\u00f3.<\/p>\n\n\n\n<figure class=\"wp-block-embed is-type-video is-provider-youtube wp-block-embed-youtube wp-embed-aspect-16-9 wp-has-aspect-ratio\"><div class=\"wp-block-embed__wrapper\">\n<iframe loading=\"lazy\" title=\"Jailer Tovar: 20 a\u00f1os ense\u00f1ando y aprendiendo en nuestra ciudad | Reconocimiento UCEVA \ud83c\udf93\ud83c\udf06\" width=\"640\" height=\"360\" src=\"https:\/\/www.youtube.com\/embed\/6Yk-1gupjcc?feature=oembed\" frameborder=\"0\" allow=\"accelerometer; autoplay; clipboard-write; encrypted-media; gyroscope; picture-in-picture; web-share\" referrerpolicy=\"strict-origin-when-cross-origin\" allowfullscreen><\/iframe>\n<\/div><\/figure>\n\n\n\n<p>Durante su intervenci\u00f3n, el mag\u00edster Tovar comparti\u00f3 un mensaje inspirador dirigido a quienes creen que la edad es un l\u00edmite para la formaci\u00f3n acad\u00e9mica. \u201cNunca es tarde para comenzar una carrera o continuar aprendiendo. La docencia y la pedagog\u00eda son mi pasi\u00f3n, y planeo seguir estudiando, ya sea con una tercera maestr\u00eda o incluso un doctorado. El conocimiento es un legado que permanece y el esfuerzo siempre tiene recompensa\u201d, afirm\u00f3.<\/p>\n\n\n\n<p>Adem\u00e1s de su destacada trayectoria docente, Jailer Tovar fue reconocido por haber alcanzado un puntaje sobresaliente al realizar dos posgrados simult\u00e1neamente, hecho que le vali\u00f3 un grado de honor por parte de la UCEVA.<\/p>\n\n\n\n<p>Este reconocimiento refleja no solo el compromiso y la dedicaci\u00f3n del mag\u00edster Tovar, sino tambi\u00e9n el valor de la perseverancia y el aprendizaje continuo, principios que la UCEVA promueve entre sus estudiantes y docentes.<\/p>\n\n\n\n<figure class=\"wp-block-video\"><\/figure>\n","protected":false},"excerpt":{"rendered":"<p>En la noche del martes, el Centro Cultural Gustavo \u00c1lvarez Gardeazabal fue escenario de una emotiva ceremonia en la que la Universidad Central del Valle del Cauca (UCEVA) entreg\u00f3 un reconocimiento especial al mag\u00edster Jailer Tovar Perea, docente destacado y referente del departamento de idiomas. Con m\u00e1s de dos d\u00e9cadas de experiencia en la instituci\u00f3n, [&hellip;]<\/p>\n","protected":false},"author":3,"featured_media":34548,"comment_status":"open","ping_status":"open","sticky":false,"template":"","format":"video","meta":{"footnotes":""},"categories":[10],"tags":[],"class_list":["post-34547","post","type-post","status-publish","format-video","has-post-thumbnail","hentry","category-cnc-noticias-tulua","post_format-post-format-video"],"_links":{"self":[{"href":"https:\/\/cnctulua.tv\/index.php?rest_route=\/wp\/v2\/posts\/34547","targetHints":{"allow":["GET"]}}],"collection":[{"href":"https:\/\/cnctulua.tv\/index.php?rest_route=\/wp\/v2\/posts"}],"about":[{"href":"https:\/\/cnctulua.tv\/index.php?rest_route=\/wp\/v2\/types\/post"}],"author":[{"embeddable":true,"href":"https:\/\/cnctulua.tv\/index.php?rest_route=\/wp\/v2\/users\/3"}],"replies":[{"embeddable":true,"href":"https:\/\/cnctulua.tv\/index.php?rest_route=%2Fwp%2Fv2%2Fcomments&post=34547"}],"version-history":[{"count":1,"href":"https:\/\/cnctulua.tv\/index.php?rest_route=\/wp\/v2\/posts\/34547\/revisions"}],"predecessor-version":[{"id":34549,"href":"https:\/\/cnctulua.tv\/index.php?rest_route=\/wp\/v2\/posts\/34547\/revisions\/34549"}],"wp:featuredmedia":[{"embeddable":true,"href":"https:\/\/cnctulua.tv\/index.php?rest_route=\/wp\/v2\/media\/34548"}],"wp:attachment":[{"href":"https:\/\/cnctulua.tv\/index.php?rest_route=%2Fwp%2Fv2%2Fmedia&parent=34547"}],"wp:term":[{"taxonomy":"category","embeddable":true,"href":"https:\/\/cnctulua.tv\/index.php?rest_route=%2Fwp%2Fv2%2Fcategories&post=34547"},{"taxonomy":"post_tag","embeddable":true,"href":"https:\/\/cnctulua.tv\/index.php?rest_route=%2Fwp%2Fv2%2Ftags&post=34547"}],"curies":[{"name":"wp","href":"https:\/\/api.w.org\/{rel}","templated":true}]}}