{"id":34559,"date":"2025-06-05T19:02:19","date_gmt":"2025-06-05T19:02:19","guid":{"rendered":"https:\/\/cnctulua.tv\/?p=34559"},"modified":"2025-06-05T19:02:19","modified_gmt":"2025-06-05T19:02:19","slug":"fiscalia-captura-a-12-presuntos-miembros-del-grupo-la-ocho-en-cali-por-homicidios-y-trafico-de-drogas","status":"publish","type":"post","link":"https:\/\/cnctulua.tv\/?p=34559","title":{"rendered":"Fiscal\u00eda captura a 12 presuntos miembros del grupo \u2018La Ocho\u2019 en Cali por homicidios y tr\u00e1fico de drogas"},"content":{"rendered":"\n<p>La Fiscal\u00eda General de la Naci\u00f3n present\u00f3 ante los jueces de control de garant\u00edas de Cali a 12 personas, entre ellas dos adolescentes, se\u00f1aladas como presuntos integrantes del grupo delincuencial \u2018La Ocho\u2019, que opera en la Comuna 15 de Cali. Este grupo estar\u00eda vinculado a delitos como homicidios selectivos, hurto y tr\u00e1fico de estupefacientes.<\/p>\n\n\n\n<p>Entre los capturados figuran Keiner Stiwar Perlaza Rivas, Keiner Alonso Castillo Molina, \u00d3scar Esneyder Carabal\u00ed Carabal\u00ed, Jeffrey Carvajal Char\u00e1, Jeffrey Riascos Andrade, Jos\u00e9 Luis Asprilla Rodr\u00edguez, Susan Ver\u00f3nica Pedraza Escobar, H\u00e9ctor Fabio Caicedo Carabal\u00ed, David Andr\u00e9s Ospina Cuero, Edinson Francies Mancilla Muriel, adem\u00e1s de dos menores de 17 a\u00f1os.<\/p>\n\n\n\n<p>La Fiscal\u00eda imput\u00f3 cargos por concierto para delinquir, homicidio, tentativa de homicidio, hurto calificado y agravado, porte ilegal de armas de fuego, tr\u00e1fico de estupefacientes y uso de menores para la comisi\u00f3n de delitos.<\/p>\n\n\n\n<figure class=\"wp-block-embed is-type-video is-provider-youtube wp-block-embed-youtube wp-embed-aspect-16-9 wp-has-aspect-ratio\"><div class=\"wp-block-embed__wrapper\">\n<iframe loading=\"lazy\" title=\"Cali refuerza seguridad: capturan presuntos miembros de banda en Comuna 15 \ud83d\udea8\ud83c\udfd8\ufe0f\" width=\"640\" height=\"360\" src=\"https:\/\/www.youtube.com\/embed\/s6sbz-i4CWw?feature=oembed\" frameborder=\"0\" allow=\"accelerometer; autoplay; clipboard-write; encrypted-media; gyroscope; picture-in-picture; web-share\" referrerpolicy=\"strict-origin-when-cross-origin\" allowfullscreen><\/iframe>\n<\/div><\/figure>\n\n\n\n<p>De acuerdo con la investigaci\u00f3n, \u2018La Ocho\u2019 opera principalmente en el barrio El Retiro y sus alrededores, donde comercializa estupefacientes en v\u00edas p\u00fablicas. Se estima que esta organizaci\u00f3n vende aproximadamente 5.000 dosis semanales, generando ingresos superiores a 65 millones de pesos mensuales.<\/p>\n\n\n\n<p>Adem\u00e1s, se les atribuye la participaci\u00f3n en al menos dos homicidios, dos intentos de homicidio y cuatro hurtos ocurridos durante el a\u00f1o 2024.<\/p>\n\n\n\n<p>Las capturas se materializaron tras 13 diligencias de registro y allanamiento, en las que tambi\u00e9n se incautaron dos armas de fuego y estupefacientes listos para la venta. Una persona adicional fue notificada en prisi\u00f3n por cargos relacionados con esta investigaci\u00f3n.<\/p>\n\n\n\n<p>Los adultos capturados fueron enviados a centros carcelarios, mientras que los menores aprehendidos cumplir\u00e1n internamiento preventivo en establecimientos especializados.<\/p>\n\n\n\n<figure class=\"wp-block-video\"><\/figure>\n","protected":false},"excerpt":{"rendered":"<p>La Fiscal\u00eda General de la Naci\u00f3n present\u00f3 ante los jueces de control de garant\u00edas de Cali a 12 personas, entre ellas dos adolescentes, se\u00f1aladas como presuntos integrantes del grupo delincuencial \u2018La Ocho\u2019, que opera en la Comuna 15 de Cali. Este grupo estar\u00eda vinculado a delitos como homicidios selectivos, hurto y tr\u00e1fico de estupefacientes. Entre [&hellip;]<\/p>\n","protected":false},"author":3,"featured_media":34560,"comment_status":"open","ping_status":"open","sticky":false,"template":"","format":"video","meta":{"footnotes":""},"categories":[10,1],"tags":[],"class_list":["post-34559","post","type-post","status-publish","format-video","has-post-thumbnail","hentry","category-cnc-noticias-tulua","category-uncategorized","post_format-post-format-video"],"_links":{"self":[{"href":"https:\/\/cnctulua.tv\/index.php?rest_route=\/wp\/v2\/posts\/34559","targetHints":{"allow":["GET"]}}],"collection":[{"href":"https:\/\/cnctulua.tv\/index.php?rest_route=\/wp\/v2\/posts"}],"about":[{"href":"https:\/\/cnctulua.tv\/index.php?rest_route=\/wp\/v2\/types\/post"}],"author":[{"embeddable":true,"href":"https:\/\/cnctulua.tv\/index.php?rest_route=\/wp\/v2\/users\/3"}],"replies":[{"embeddable":true,"href":"https:\/\/cnctulua.tv\/index.php?rest_route=%2Fwp%2Fv2%2Fcomments&post=34559"}],"version-history":[{"count":1,"href":"https:\/\/cnctulua.tv\/index.php?rest_route=\/wp\/v2\/posts\/34559\/revisions"}],"predecessor-version":[{"id":34561,"href":"https:\/\/cnctulua.tv\/index.php?rest_route=\/wp\/v2\/posts\/34559\/revisions\/34561"}],"wp:featuredmedia":[{"embeddable":true,"href":"https:\/\/cnctulua.tv\/index.php?rest_route=\/wp\/v2\/media\/34560"}],"wp:attachment":[{"href":"https:\/\/cnctulua.tv\/index.php?rest_route=%2Fwp%2Fv2%2Fmedia&parent=34559"}],"wp:term":[{"taxonomy":"category","embeddable":true,"href":"https:\/\/cnctulua.tv\/index.php?rest_route=%2Fwp%2Fv2%2Fcategories&post=34559"},{"taxonomy":"post_tag","embeddable":true,"href":"https:\/\/cnctulua.tv\/index.php?rest_route=%2Fwp%2Fv2%2Ftags&post=34559"}],"curies":[{"name":"wp","href":"https:\/\/api.w.org\/{rel}","templated":true}]}}