{"id":34569,"date":"2025-06-05T19:13:30","date_gmt":"2025-06-05T19:13:30","guid":{"rendered":"https:\/\/cnctulua.tv\/?p=34569"},"modified":"2025-06-05T19:13:30","modified_gmt":"2025-06-05T19:13:30","slug":"plan-de-mantenimiento-y-mejora-vial-busca-fortalecer-la-conectividad-rural-en-valle-del-cauca","status":"publish","type":"post","link":"https:\/\/cnctulua.tv\/?p=34569","title":{"rendered":"Plan de mantenimiento y mejora vial busca fortalecer la conectividad rural en Valle del Cauca"},"content":{"rendered":"\n<p>El Valle del Cauca avanza en un plan integral de mantenimiento y mejora de sus v\u00edas secundarias y terciarias, resultado de un convenio entre la Gobernaci\u00f3n del departamento y el Comit\u00e9 de Cafeteros. Este proyecto tiene como objetivo principal optimizar la movilidad en las zonas rurales, facilitando el acceso y salida de productos agr\u00edcolas, y promoviendo as\u00ed el desarrollo econ\u00f3mico local.<\/p>\n\n\n\n<p>El secretario de Infraestructura del Valle, Frank Ram\u00edrez, detall\u00f3 que la iniciativa contempla el mantenimiento peri\u00f3dico de corredores viales secundarios y la construcci\u00f3n de cintas huella en v\u00edas terciarias. En total, se intervendr\u00e1n aproximadamente 265 puntos distribuidos en todo el territorio departamental, con una atenci\u00f3n especial en las \u00e1reas de dif\u00edcil acceso.<\/p>\n\n\n\n<figure class=\"wp-block-embed is-type-video is-provider-youtube wp-block-embed-youtube wp-embed-aspect-16-9 wp-has-aspect-ratio\"><div class=\"wp-block-embed__wrapper\">\n<iframe loading=\"lazy\" title=\"Conectividad en Valle del Cauca: Mejoras viales que impactan la ciudad y el campo \ud83d\udea7\ud83c\udf04\" width=\"640\" height=\"360\" src=\"https:\/\/www.youtube.com\/embed\/beCDBG4iTeg?feature=oembed\" frameborder=\"0\" allow=\"accelerometer; autoplay; clipboard-write; encrypted-media; gyroscope; picture-in-picture; web-share\" referrerpolicy=\"strict-origin-when-cross-origin\" allowfullscreen><\/iframe>\n<\/div><\/figure>\n\n\n\n<p>\u201cEstamos trabajando de la mano con las Juntas de Acci\u00f3n Comunal y las comunidades para garantizar que estas obras respondan a las necesidades reales del campo vallecaucano\u201d, afirm\u00f3 Ram\u00edrez. Por su parte, H\u00e9ctor Fabio Cuellar, director ejecutivo del Comit\u00e9 de Cafeteros Valle, destac\u00f3 la importancia de esta alianza para la ejecuci\u00f3n de las obras, especialmente en la construcci\u00f3n de cintas huella que mejorar\u00e1n la movilidad en zonas rurales.<\/p>\n\n\n\n<p>El plan contempla la construcci\u00f3n de seis cintas huella por municipio, con una longitud aproximada de 100 metros cada una, para facilitar la transitabilidad en las v\u00edas terciarias y mejorar la conectividad entre comunas. Esta intervenci\u00f3n contribuir\u00e1 no solo a facilitar el desplazamiento de los habitantes, sino tambi\u00e9n a fortalecer el tejido productivo al permitir un mejor acceso a los centros de acopio y comercializaci\u00f3n.<\/p>\n\n\n\n<p>Con esta iniciativa, el Valle del Cauca busca promover un desarrollo rural m\u00e1s inclusivo, sostenible y eficiente, que favorezca la competitividad agr\u00edcola y la calidad de vida de las comunidades campesinas.<\/p>\n\n\n\n<figure class=\"wp-block-video\"><\/figure>\n","protected":false},"excerpt":{"rendered":"<p>El Valle del Cauca avanza en un plan integral de mantenimiento y mejora de sus v\u00edas secundarias y terciarias, resultado de un convenio entre la Gobernaci\u00f3n del departamento y el Comit\u00e9 de Cafeteros. Este proyecto tiene como objetivo principal optimizar la movilidad en las zonas rurales, facilitando el acceso y salida de productos agr\u00edcolas, y [&hellip;]<\/p>\n","protected":false},"author":3,"featured_media":34570,"comment_status":"open","ping_status":"open","sticky":false,"template":"","format":"video","meta":{"footnotes":""},"categories":[10],"tags":[],"class_list":["post-34569","post","type-post","status-publish","format-video","has-post-thumbnail","hentry","category-cnc-noticias-tulua","post_format-post-format-video"],"_links":{"self":[{"href":"https:\/\/cnctulua.tv\/index.php?rest_route=\/wp\/v2\/posts\/34569","targetHints":{"allow":["GET"]}}],"collection":[{"href":"https:\/\/cnctulua.tv\/index.php?rest_route=\/wp\/v2\/posts"}],"about":[{"href":"https:\/\/cnctulua.tv\/index.php?rest_route=\/wp\/v2\/types\/post"}],"author":[{"embeddable":true,"href":"https:\/\/cnctulua.tv\/index.php?rest_route=\/wp\/v2\/users\/3"}],"replies":[{"embeddable":true,"href":"https:\/\/cnctulua.tv\/index.php?rest_route=%2Fwp%2Fv2%2Fcomments&post=34569"}],"version-history":[{"count":1,"href":"https:\/\/cnctulua.tv\/index.php?rest_route=\/wp\/v2\/posts\/34569\/revisions"}],"predecessor-version":[{"id":34571,"href":"https:\/\/cnctulua.tv\/index.php?rest_route=\/wp\/v2\/posts\/34569\/revisions\/34571"}],"wp:featuredmedia":[{"embeddable":true,"href":"https:\/\/cnctulua.tv\/index.php?rest_route=\/wp\/v2\/media\/34570"}],"wp:attachment":[{"href":"https:\/\/cnctulua.tv\/index.php?rest_route=%2Fwp%2Fv2%2Fmedia&parent=34569"}],"wp:term":[{"taxonomy":"category","embeddable":true,"href":"https:\/\/cnctulua.tv\/index.php?rest_route=%2Fwp%2Fv2%2Fcategories&post=34569"},{"taxonomy":"post_tag","embeddable":true,"href":"https:\/\/cnctulua.tv\/index.php?rest_route=%2Fwp%2Fv2%2Ftags&post=34569"}],"curies":[{"name":"wp","href":"https:\/\/api.w.org\/{rel}","templated":true}]}}