{"id":34578,"date":"2025-06-05T20:21:32","date_gmt":"2025-06-05T20:21:32","guid":{"rendered":"https:\/\/cnctulua.tv\/?p=34578"},"modified":"2025-06-05T20:21:32","modified_gmt":"2025-06-05T20:21:32","slug":"incendios-contra-taxis-en-tulua-generan-alerta-y-refuerzos-en-la-seguridad","status":"publish","type":"post","link":"https:\/\/cnctulua.tv\/?p=34578","title":{"rendered":"Incendios contra taxis en Tulu\u00e1 generan alerta y refuerzos en la seguridad"},"content":{"rendered":"\n<p>Una serie de ataques incendiarios contra veh\u00edculos de servicio p\u00fablico gener\u00f3 alarma durante la tarde del mi\u00e9rcoles en el municipio de Tulu\u00e1. Tres taxis fueron objeto de incendios intencionales en distintos puntos de la ciudad, lo que llev\u00f3 a las autoridades a activar medidas de refuerzo en la seguridad local.<\/p>\n\n\n\n<p>El primer caso se registr\u00f3 hacia las 4:00 p.m. en el sector de Siete Vueltas, donde los habitantes alertaron al Cuerpo de Bomberos Voluntarios de Tulu\u00e1 sobre un veh\u00edculo envuelto en llamas. Uno de los autom\u00f3viles incendiados estuvo a punto de comprometer una vivienda cercana debido a la radiaci\u00f3n del fuego, pero la r\u00e1pida acci\u00f3n de los bomberos evit\u00f3 que las llamas se propagaran.<\/p>\n\n\n\n<figure class=\"wp-block-embed is-type-video is-provider-youtube wp-block-embed-youtube wp-embed-aspect-16-9 wp-has-aspect-ratio\"><div class=\"wp-block-embed__wrapper\">\n<iframe loading=\"lazy\" title=\"\ud83c\udfa5 Tres taxis incendiados en Tulu\u00e1: Bomberos reciben advertencias y se acuartelan\" width=\"640\" height=\"360\" src=\"https:\/\/www.youtube.com\/embed\/5TI7ySfmljA?feature=oembed\" frameborder=\"0\" allow=\"accelerometer; autoplay; clipboard-write; encrypted-media; gyroscope; picture-in-picture; web-share\" referrerpolicy=\"strict-origin-when-cross-origin\" allowfullscreen><\/iframe>\n<\/div><\/figure>\n\n\n\n<p>No obstante, el ambiente de tensi\u00f3n se intensific\u00f3 cuando el cuerpo de socorro recibi\u00f3 advertencias que les suger\u00edan abstenerse de atender nuevos incidentes. Ante esta situaci\u00f3n, la instituci\u00f3n tom\u00f3 la decisi\u00f3n de acuartelar a sus unidades como medida preventiva, mientras se evaluaba la evoluci\u00f3n de los hechos.<\/p>\n\n\n\n<p>\u201cDecidimos salvaguardar a nuestro personal debido a las amenazas recibidas. Estamos preparados para actuar, pero tambi\u00e9n debemos proteger a quienes integran esta instituci\u00f3n\u201d, se\u00f1al\u00f3 el Teniente Rub\u00e9n Lozano, comandante del Cuerpo de Bomberos Voluntarios de Tulu\u00e1.<\/p>\n\n\n\n<p>En respuesta a estos actos, las autoridades municipales y departamentales desplegaron un operativo especial de vigilancia y patrullaje en varias zonas de la ciudad. La Polic\u00eda Nacional y el Ej\u00e9rcito trabajan de manera articulada para identificar a los responsables y prevenir nuevos hechos de violencia.<\/p>\n\n\n\n<p>Aunque no se han atribuido oficialmente los ataques a organizaciones criminales, los investigadores no descartan ninguna hip\u00f3tesis. Mientras tanto, el llamado de las autoridades es a la calma, la colaboraci\u00f3n ciudadana y el uso responsable de la informaci\u00f3n en redes sociales para evitar generar p\u00e1nico o propagar rumores.<\/p>\n\n\n\n<p>La situaci\u00f3n ha puesto en evidencia los retos que enfrentan las instituciones en medio de contextos complejos y las presiones externas que pueden comprometer la labor de quienes prestan servicios esenciales para la comunidad.<\/p>\n\n\n\n<figure class=\"wp-block-video\"><\/figure>\n\n\n\n<p><\/p>\n","protected":false},"excerpt":{"rendered":"<p>Una serie de ataques incendiarios contra veh\u00edculos de servicio p\u00fablico gener\u00f3 alarma durante la tarde del mi\u00e9rcoles en el municipio de Tulu\u00e1. Tres taxis fueron objeto de incendios intencionales en distintos puntos de la ciudad, lo que llev\u00f3 a las autoridades a activar medidas de refuerzo en la seguridad local. El primer caso se registr\u00f3 [&hellip;]<\/p>\n","protected":false},"author":3,"featured_media":34579,"comment_status":"open","ping_status":"open","sticky":false,"template":"","format":"video","meta":{"footnotes":""},"categories":[10],"tags":[],"class_list":["post-34578","post","type-post","status-publish","format-video","has-post-thumbnail","hentry","category-cnc-noticias-tulua","post_format-post-format-video"],"_links":{"self":[{"href":"https:\/\/cnctulua.tv\/index.php?rest_route=\/wp\/v2\/posts\/34578","targetHints":{"allow":["GET"]}}],"collection":[{"href":"https:\/\/cnctulua.tv\/index.php?rest_route=\/wp\/v2\/posts"}],"about":[{"href":"https:\/\/cnctulua.tv\/index.php?rest_route=\/wp\/v2\/types\/post"}],"author":[{"embeddable":true,"href":"https:\/\/cnctulua.tv\/index.php?rest_route=\/wp\/v2\/users\/3"}],"replies":[{"embeddable":true,"href":"https:\/\/cnctulua.tv\/index.php?rest_route=%2Fwp%2Fv2%2Fcomments&post=34578"}],"version-history":[{"count":1,"href":"https:\/\/cnctulua.tv\/index.php?rest_route=\/wp\/v2\/posts\/34578\/revisions"}],"predecessor-version":[{"id":34580,"href":"https:\/\/cnctulua.tv\/index.php?rest_route=\/wp\/v2\/posts\/34578\/revisions\/34580"}],"wp:featuredmedia":[{"embeddable":true,"href":"https:\/\/cnctulua.tv\/index.php?rest_route=\/wp\/v2\/media\/34579"}],"wp:attachment":[{"href":"https:\/\/cnctulua.tv\/index.php?rest_route=%2Fwp%2Fv2%2Fmedia&parent=34578"}],"wp:term":[{"taxonomy":"category","embeddable":true,"href":"https:\/\/cnctulua.tv\/index.php?rest_route=%2Fwp%2Fv2%2Fcategories&post=34578"},{"taxonomy":"post_tag","embeddable":true,"href":"https:\/\/cnctulua.tv\/index.php?rest_route=%2Fwp%2Fv2%2Ftags&post=34578"}],"curies":[{"name":"wp","href":"https:\/\/api.w.org\/{rel}","templated":true}]}}