{"id":34581,"date":"2025-06-05T20:25:18","date_gmt":"2025-06-05T20:25:18","guid":{"rendered":"https:\/\/cnctulua.tv\/?p=34581"},"modified":"2025-06-05T20:25:18","modified_gmt":"2025-06-05T20:25:18","slug":"taxistas-en-tulua-piden-respeto-y-proteccion-tras-atentados-somos-trabajadores-no-enemigos","status":"publish","type":"post","link":"https:\/\/cnctulua.tv\/?p=34581","title":{"rendered":"Taxistas en Tulu\u00e1 piden respeto y protecci\u00f3n tras atentados: \u201cSomos trabajadores, no enemigos"},"content":{"rendered":"\n<p>En medio de la incertidumbre que ha dejado el reciente atentado contra el gremio de taxistas en Tulu\u00e1, los conductores hicieron un emotivo llamado a la comunidad para que cesen las agresiones en su contra. El lamentable hecho ocurrido el d\u00eda de ayer dej\u00f3 como saldo tres veh\u00edculos incinerados, aunque, afortunadamente, no se registraron v\u00edctimas fatales.<\/p>\n\n\n\n<p>El gremio, visiblemente afectado, manifest\u00f3 su preocupaci\u00f3n por el creciente temor con el que deben salir a las calles a cumplir su labor. \u00abSomos padres, somos hermanos, somos hijos que luchamos d\u00eda a d\u00eda por nuestras familias. Muchos de nosotros estamos endeudados, pagamos cuotas por estos veh\u00edculos y solo queremos trabajar con tranquilidad\u00bb, expres\u00f3 uno de los voceros de los taxistas.<\/p>\n\n\n\n<figure class=\"wp-block-embed is-type-video is-provider-youtube wp-block-embed-youtube wp-embed-aspect-16-9 wp-has-aspect-ratio\"><div class=\"wp-block-embed__wrapper\">\n<iframe loading=\"lazy\" title=\"Atentados contra taxistas en Tulu\u00e1: \u2018Queremos trabajar, no morir en la calle\u2019\" width=\"640\" height=\"360\" src=\"https:\/\/www.youtube.com\/embed\/c6riF2KgN6Y?feature=oembed\" frameborder=\"0\" allow=\"accelerometer; autoplay; clipboard-write; encrypted-media; gyroscope; picture-in-picture; web-share\" referrerpolicy=\"strict-origin-when-cross-origin\" allowfullscreen><\/iframe>\n<\/div><\/figure>\n\n\n\n<p>La situaci\u00f3n ha generado un clima de tensi\u00f3n e inseguridad que ha obligado a muchos conductores a mantenerse alejados de las calles. Se estima que cerca del 60% del parque automotor de taxis en la ciudad est\u00e1 paralizado por temor a nuevos ataques.<\/p>\n\n\n\n<p>Pese a este panorama, los taxistas reconocen y agradecen el respaldo brindado por la administraci\u00f3n municipal, la Polic\u00eda Nacional y el Ej\u00e9rcito, quienes han incrementado los operativos de seguridad para proteger a los ciudadanos y al gremio. Sin embargo, insisten en que la clave est\u00e1 en el respaldo social: \u00abLo que pedimos es apoyo, solidaridad y, sobre todo, respeto. Nosotros no somos responsables de ninguna situaci\u00f3n ajena al servicio que prestamos. Somos trabajadores que solo queremos salir y regresar a casa con vida\u00bb.<\/p>\n\n\n\n<p>Finalmente, el llamado es claro y contundente: que se excluya a los taxistas de cualquier conflicto o retaliaci\u00f3n, y que se valore la labor fundamental que cumplen al servicio de la comunidad. En palabras de uno de los conductores afectados: \u00abNo somos parte del problema, somos parte de la soluci\u00f3n. Por eso pedimos que nos cuiden, como nosotros cuidamos de nuestra gente cada d\u00eda\u00bb.<\/p>\n\n\n\n<figure class=\"wp-block-video\"><\/figure>\n","protected":false},"excerpt":{"rendered":"<p>En medio de la incertidumbre que ha dejado el reciente atentado contra el gremio de taxistas en Tulu\u00e1, los conductores hicieron un emotivo llamado a la comunidad para que cesen las agresiones en su contra. El lamentable hecho ocurrido el d\u00eda de ayer dej\u00f3 como saldo tres veh\u00edculos incinerados, aunque, afortunadamente, no se registraron v\u00edctimas [&hellip;]<\/p>\n","protected":false},"author":3,"featured_media":34582,"comment_status":"open","ping_status":"open","sticky":false,"template":"","format":"video","meta":{"footnotes":""},"categories":[10],"tags":[],"class_list":["post-34581","post","type-post","status-publish","format-video","has-post-thumbnail","hentry","category-cnc-noticias-tulua","post_format-post-format-video"],"_links":{"self":[{"href":"https:\/\/cnctulua.tv\/index.php?rest_route=\/wp\/v2\/posts\/34581","targetHints":{"allow":["GET"]}}],"collection":[{"href":"https:\/\/cnctulua.tv\/index.php?rest_route=\/wp\/v2\/posts"}],"about":[{"href":"https:\/\/cnctulua.tv\/index.php?rest_route=\/wp\/v2\/types\/post"}],"author":[{"embeddable":true,"href":"https:\/\/cnctulua.tv\/index.php?rest_route=\/wp\/v2\/users\/3"}],"replies":[{"embeddable":true,"href":"https:\/\/cnctulua.tv\/index.php?rest_route=%2Fwp%2Fv2%2Fcomments&post=34581"}],"version-history":[{"count":1,"href":"https:\/\/cnctulua.tv\/index.php?rest_route=\/wp\/v2\/posts\/34581\/revisions"}],"predecessor-version":[{"id":34583,"href":"https:\/\/cnctulua.tv\/index.php?rest_route=\/wp\/v2\/posts\/34581\/revisions\/34583"}],"wp:featuredmedia":[{"embeddable":true,"href":"https:\/\/cnctulua.tv\/index.php?rest_route=\/wp\/v2\/media\/34582"}],"wp:attachment":[{"href":"https:\/\/cnctulua.tv\/index.php?rest_route=%2Fwp%2Fv2%2Fmedia&parent=34581"}],"wp:term":[{"taxonomy":"category","embeddable":true,"href":"https:\/\/cnctulua.tv\/index.php?rest_route=%2Fwp%2Fv2%2Fcategories&post=34581"},{"taxonomy":"post_tag","embeddable":true,"href":"https:\/\/cnctulua.tv\/index.php?rest_route=%2Fwp%2Fv2%2Ftags&post=34581"}],"curies":[{"name":"wp","href":"https:\/\/api.w.org\/{rel}","templated":true}]}}