{"id":34584,"date":"2025-06-05T20:36:03","date_gmt":"2025-06-05T20:36:03","guid":{"rendered":"https:\/\/cnctulua.tv\/?p=34584"},"modified":"2025-06-05T20:36:03","modified_gmt":"2025-06-05T20:36:03","slug":"en-tulua-refuerzan-seguridad-tras-ataques-a-vehiculos-publicos","status":"publish","type":"post","link":"https:\/\/cnctulua.tv\/?p=34584","title":{"rendered":"En Tulu\u00e1 refuerzan seguridad tras ataques a veh\u00edculos p\u00fablicos"},"content":{"rendered":"\n<p><br>La Secretar\u00eda de Gobierno de Tulu\u00e1, encabezada por Jos\u00e9 Mart\u00edn Hincapi\u00e9 \u00c1lvarez, inform\u00f3 sobre las acciones tomadas para atender los recientes hechos violentos que afectaron al gremio de taxistas en la ciudad. Durante las \u00faltimas horas, tres veh\u00edculos del servicio p\u00fablico fueron blanco de ataques, dos de ellos fueron incinerados y uno result\u00f3 con da\u00f1os parciales.<\/p>\n\n\n\n<p>Desde el momento en que se conocieron los hechos, las autoridades activaron los protocolos correspondientes para proteger a los afectados y garantizar la seguridad en la ciudad. Hincapi\u00e9 \u00c1lvarez explic\u00f3 que se realiz\u00f3 una evaluaci\u00f3n exhaustiva con los conductores perjudicados, en la que se escucharon sus preocupaciones y se incorporaron recomendaciones para fortalecer la protecci\u00f3n del gremio.<\/p>\n\n\n\n<figure class=\"wp-block-embed is-type-video is-provider-youtube wp-block-embed-youtube wp-embed-aspect-16-9 wp-has-aspect-ratio\"><div class=\"wp-block-embed__wrapper\">\n<iframe loading=\"lazy\" title=\"Tras ataques a taxistas en Tulu\u00e1, autoridades refuerzan vigilancia y llaman a la calma\" width=\"640\" height=\"360\" src=\"https:\/\/www.youtube.com\/embed\/g6dEeVm8t68?feature=oembed\" frameborder=\"0\" allow=\"accelerometer; autoplay; clipboard-write; encrypted-media; gyroscope; picture-in-picture; web-share\" referrerpolicy=\"strict-origin-when-cross-origin\" allowfullscreen><\/iframe>\n<\/div><\/figure>\n\n\n\n<p>La Secretar\u00eda de Gobierno resalt\u00f3 la participaci\u00f3n de la Polic\u00eda Nacional, bajo el mando de la coronel Sandra, comandante del Comando de Distrito y Estaci\u00f3n Valle, quien ha dispuesto toda la capacidad institucional para mantener la vigilancia en puntos estrat\u00e9gicos de Tulu\u00e1. Durante la reuni\u00f3n con los taxistas, se les explic\u00f3 la estrategia de cobertura policial vigente y se enfatiz\u00f3 en la importancia de la colaboraci\u00f3n ciudadana para prevenir la ocurrencia de nuevos actos delictivos.<\/p>\n\n\n\n<p>Jos\u00e9 Mart\u00edn Hincapi\u00e9 hizo un llamado especial a la comunidad para mantenerse alerta y denunciar cualquier conducta sospechosa que pueda poner en riesgo la seguridad p\u00fablica. \u201cLa delincuencia suele aprovechar momentos de oportunidad, por lo que la participaci\u00f3n activa de los ciudadanos es clave para proteger nuestra ciudad\u201d, afirm\u00f3. Con estas medidas, la administraci\u00f3n municipal reafirma su compromiso con la seguridad y el bienestar de los ciudadanos, buscando generar condiciones que permitan a los taxistas y dem\u00e1s habitantes de Tulu\u00e1 ejercer sus actividades con tranquilidad.<\/p>\n\n\n\n<figure class=\"wp-block-video\"><\/figure>\n","protected":false},"excerpt":{"rendered":"<p>La Secretar\u00eda de Gobierno de Tulu\u00e1, encabezada por Jos\u00e9 Mart\u00edn Hincapi\u00e9 \u00c1lvarez, inform\u00f3 sobre las acciones tomadas para atender los recientes hechos violentos que afectaron al gremio de taxistas en la ciudad. Durante las \u00faltimas horas, tres veh\u00edculos del servicio p\u00fablico fueron blanco de ataques, dos de ellos fueron incinerados y uno result\u00f3 con da\u00f1os [&hellip;]<\/p>\n","protected":false},"author":3,"featured_media":34585,"comment_status":"open","ping_status":"open","sticky":false,"template":"","format":"video","meta":{"footnotes":""},"categories":[10],"tags":[],"class_list":["post-34584","post","type-post","status-publish","format-video","has-post-thumbnail","hentry","category-cnc-noticias-tulua","post_format-post-format-video"],"_links":{"self":[{"href":"https:\/\/cnctulua.tv\/index.php?rest_route=\/wp\/v2\/posts\/34584","targetHints":{"allow":["GET"]}}],"collection":[{"href":"https:\/\/cnctulua.tv\/index.php?rest_route=\/wp\/v2\/posts"}],"about":[{"href":"https:\/\/cnctulua.tv\/index.php?rest_route=\/wp\/v2\/types\/post"}],"author":[{"embeddable":true,"href":"https:\/\/cnctulua.tv\/index.php?rest_route=\/wp\/v2\/users\/3"}],"replies":[{"embeddable":true,"href":"https:\/\/cnctulua.tv\/index.php?rest_route=%2Fwp%2Fv2%2Fcomments&post=34584"}],"version-history":[{"count":1,"href":"https:\/\/cnctulua.tv\/index.php?rest_route=\/wp\/v2\/posts\/34584\/revisions"}],"predecessor-version":[{"id":34586,"href":"https:\/\/cnctulua.tv\/index.php?rest_route=\/wp\/v2\/posts\/34584\/revisions\/34586"}],"wp:featuredmedia":[{"embeddable":true,"href":"https:\/\/cnctulua.tv\/index.php?rest_route=\/wp\/v2\/media\/34585"}],"wp:attachment":[{"href":"https:\/\/cnctulua.tv\/index.php?rest_route=%2Fwp%2Fv2%2Fmedia&parent=34584"}],"wp:term":[{"taxonomy":"category","embeddable":true,"href":"https:\/\/cnctulua.tv\/index.php?rest_route=%2Fwp%2Fv2%2Fcategories&post=34584"},{"taxonomy":"post_tag","embeddable":true,"href":"https:\/\/cnctulua.tv\/index.php?rest_route=%2Fwp%2Fv2%2Ftags&post=34584"}],"curies":[{"name":"wp","href":"https:\/\/api.w.org\/{rel}","templated":true}]}}