{"id":34593,"date":"2025-06-05T20:51:20","date_gmt":"2025-06-05T20:51:20","guid":{"rendered":"https:\/\/cnctulua.tv\/?p=34593"},"modified":"2025-06-05T20:51:20","modified_gmt":"2025-06-05T20:51:20","slug":"tulua-adopta-nuevas-medidas-de-control-para-preservar-el-orden-publico","status":"publish","type":"post","link":"https:\/\/cnctulua.tv\/?p=34593","title":{"rendered":"Tulu\u00e1 adopta nuevas medidas de control para preservar el orden p\u00fablico"},"content":{"rendered":"\n<p>Tras los hechos que alteraron el orden p\u00fablico en d\u00edas anteriores, el municipio de Tulu\u00e1 contin\u00faa aplicando una serie de medidas restrictivas encaminadas a prevenir nuevas situaciones de riesgo y garantizar la tranquilidad de la comunidad.<\/p>\n\n\n\n<p>De acuerdo con el secretario de Gobierno, Jos\u00e9 Mart\u00edn Hincapi\u00e9 \u00c1lvarez, aunque el toque de queda decretado el mi\u00e9rcoles finaliz\u00f3 en la ma\u00f1ana de este jueves, se mantienen otras restricciones que estar\u00e1n vigentes hasta el pr\u00f3ximo lunes. Estas incluyen la prohibici\u00f3n de circular con parrillero, hombre o mujer, entre las 8:00 p.\u202fm. y las 5:00 a.\u202fm., y la restricci\u00f3n nocturna de venta de combustible para motocicletas en ese mismo horario.<\/p>\n\n\n\n<figure class=\"wp-block-embed is-type-video is-provider-youtube wp-block-embed-youtube wp-embed-aspect-16-9 wp-has-aspect-ratio\"><div class=\"wp-block-embed__wrapper\">\n<iframe loading=\"lazy\" title=\"\u00bfTulu\u00e1 bajo control? As\u00ed se aplican las medidas de seguridad en el municipio\" width=\"640\" height=\"360\" src=\"https:\/\/www.youtube.com\/embed\/mJFODkJOjyc?feature=oembed\" frameborder=\"0\" allow=\"accelerometer; autoplay; clipboard-write; encrypted-media; gyroscope; picture-in-picture; web-share\" referrerpolicy=\"strict-origin-when-cross-origin\" allowfullscreen><\/iframe>\n<\/div><\/figure>\n\n\n\n<p>Adicionalmente, se estableci\u00f3 la prohibici\u00f3n permanente de vender combustible en envases no autorizados como botellas, tarros, jarras o bolsas, una medida preventiva que busca evitar el uso de estos elementos en actos delictivos. Tambi\u00e9n se dispuso el cierre parcial de v\u00edas principales, cuyo horario y duraci\u00f3n se ajustar\u00e1 conforme a la evoluci\u00f3n del contexto de seguridad.<\/p>\n\n\n\n<p>Durante el d\u00eda de hoy se reporta normalidad en la mayor\u00eda de los sectores, incluyendo el Instituto Penitenciario de Tulu\u00e1, uno de los puntos de atenci\u00f3n prioritaria. Las autoridades municipales informaron que se continuar\u00e1 con el monitoreo permanente y que, a las 3:00 p.\u202fm. de este jueves, se realizar\u00e1 un Consejo Extraordinario de Seguridad en el que se evaluar\u00e1n las medidas en curso y se tomar\u00e1n nuevas decisiones si las condiciones lo requieren.<\/p>\n\n\n\n<p>La administraci\u00f3n local ha reiterado que las decisiones adoptadas responden a criterios t\u00e9cnicos y buscan equilibrar la prevenci\u00f3n con el respeto por los derechos de los ciudadanos. Por ahora, se mantiene el llamado a la calma y a la colaboraci\u00f3n de la comunidad para garantizar un ambiente seguro en todo el municipio.<\/p>\n\n\n\n<figure class=\"wp-block-video\"><\/figure>\n","protected":false},"excerpt":{"rendered":"<p>Tras los hechos que alteraron el orden p\u00fablico en d\u00edas anteriores, el municipio de Tulu\u00e1 contin\u00faa aplicando una serie de medidas restrictivas encaminadas a prevenir nuevas situaciones de riesgo y garantizar la tranquilidad de la comunidad. De acuerdo con el secretario de Gobierno, Jos\u00e9 Mart\u00edn Hincapi\u00e9 \u00c1lvarez, aunque el toque de queda decretado el mi\u00e9rcoles [&hellip;]<\/p>\n","protected":false},"author":3,"featured_media":34594,"comment_status":"open","ping_status":"open","sticky":false,"template":"","format":"video","meta":{"footnotes":""},"categories":[10],"tags":[],"class_list":["post-34593","post","type-post","status-publish","format-video","has-post-thumbnail","hentry","category-cnc-noticias-tulua","post_format-post-format-video"],"_links":{"self":[{"href":"https:\/\/cnctulua.tv\/index.php?rest_route=\/wp\/v2\/posts\/34593","targetHints":{"allow":["GET"]}}],"collection":[{"href":"https:\/\/cnctulua.tv\/index.php?rest_route=\/wp\/v2\/posts"}],"about":[{"href":"https:\/\/cnctulua.tv\/index.php?rest_route=\/wp\/v2\/types\/post"}],"author":[{"embeddable":true,"href":"https:\/\/cnctulua.tv\/index.php?rest_route=\/wp\/v2\/users\/3"}],"replies":[{"embeddable":true,"href":"https:\/\/cnctulua.tv\/index.php?rest_route=%2Fwp%2Fv2%2Fcomments&post=34593"}],"version-history":[{"count":1,"href":"https:\/\/cnctulua.tv\/index.php?rest_route=\/wp\/v2\/posts\/34593\/revisions"}],"predecessor-version":[{"id":34595,"href":"https:\/\/cnctulua.tv\/index.php?rest_route=\/wp\/v2\/posts\/34593\/revisions\/34595"}],"wp:featuredmedia":[{"embeddable":true,"href":"https:\/\/cnctulua.tv\/index.php?rest_route=\/wp\/v2\/media\/34594"}],"wp:attachment":[{"href":"https:\/\/cnctulua.tv\/index.php?rest_route=%2Fwp%2Fv2%2Fmedia&parent=34593"}],"wp:term":[{"taxonomy":"category","embeddable":true,"href":"https:\/\/cnctulua.tv\/index.php?rest_route=%2Fwp%2Fv2%2Fcategories&post=34593"},{"taxonomy":"post_tag","embeddable":true,"href":"https:\/\/cnctulua.tv\/index.php?rest_route=%2Fwp%2Fv2%2Ftags&post=34593"}],"curies":[{"name":"wp","href":"https:\/\/api.w.org\/{rel}","templated":true}]}}