{"id":34596,"date":"2025-06-05T20:56:02","date_gmt":"2025-06-05T20:56:02","guid":{"rendered":"https:\/\/cnctulua.tv\/?p=34596"},"modified":"2025-06-05T20:56:02","modified_gmt":"2025-06-05T20:56:02","slug":"el-secretario-de-gobierno-desmiente-rumores-de-cancelacion-de-la-feria-tras-recientes-ataques-en-la-ciudad","status":"publish","type":"post","link":"https:\/\/cnctulua.tv\/?p=34596","title":{"rendered":"El Secretario de Gobierno desmiente rumores de cancelaci\u00f3n de la feria tras recientes ataques en la ciudad."},"content":{"rendered":"\n<p>Jos\u00e9 Mart\u00edn Hincapi\u00e9 \u00c1lvarez, Secretario de Gobierno de Tulu\u00e1, emiti\u00f3 un comunicado para aclarar la situaci\u00f3n en torno a la seguridad en la ciudad y desmentir rumores sobre la posible cancelaci\u00f3n de la feria local.<\/p>\n\n\n\n<p>En medio de crecientes rumores que anunciaban la cancelaci\u00f3n de la feria de Tulu\u00e1 debido a supuestos problemas de seguridad, el Secretario de Gobierno, Jos\u00e9 Mart\u00edn Hincapi\u00e9 \u00c1lvarez, asegur\u00f3 que la feria se mantiene programada y que las autoridades est\u00e1n trabajando arduamente para garantizar la tranquilidad de los ciudadanos.<\/p>\n\n\n\n<p>\u201cEl tema de la seguridad no puede verse desde un punto de vista pol\u00edtico, sino como una problem\u00e1tica social que afecta la convivencia y el bienestar de nuestra comunidad\u201d, afirm\u00f3 Hincapi\u00e9 \u00c1lvarez. El funcionario hizo \u00e9nfasis en que, aunque existen desaf\u00edos relacionados con la seguridad, no es momento para difundir informaci\u00f3n falsa que solo busca generar miedo y desestabilizaci\u00f3n.<\/p>\n\n\n\n<figure class=\"wp-block-embed is-type-video is-provider-youtube wp-block-embed-youtube wp-embed-aspect-16-9 wp-has-aspect-ratio\"><div class=\"wp-block-embed__wrapper\">\n<iframe loading=\"lazy\" title=\"Tulu\u00e1 en alerta: \u00bfRealmente se cancela la feria? Seguridad y rumores \ud83d\udd14\" width=\"640\" height=\"360\" src=\"https:\/\/www.youtube.com\/embed\/zkgmPy-XLmA?feature=oembed\" frameborder=\"0\" allow=\"accelerometer; autoplay; clipboard-write; encrypted-media; gyroscope; picture-in-picture; web-share\" referrerpolicy=\"strict-origin-when-cross-origin\" allowfullscreen><\/iframe>\n<\/div><\/figure>\n\n\n\n<p>Seg\u00fan explic\u00f3, algunos grupos inescrupulosos han intentado aprovechar la coyuntura para multiplicar el temor en la poblaci\u00f3n mediante la difusi\u00f3n de noticias falsas. \u201cEsa estrategia de sembrar miedo ya no tiene cabida en Tulu\u00e1\u201d, asegur\u00f3, reiterando que las autoridades han dispuesto dispositivos especiales y la llegada de fuerzas adicionales para mantener el orden y proteger a la ciudadan\u00eda.<\/p>\n\n\n\n<p>El Secretario de Gobierno destac\u00f3 que las actividades acad\u00e9micas, econ\u00f3micas y de transporte en la ciudad se desarrollan con normalidad. Adem\u00e1s, mencion\u00f3 que a trav\u00e9s del Plan de Manejo de Unidad y el Consejo de Gobierno se mantiene un seguimiento constante de la situaci\u00f3n para responder con eficacia ante cualquier eventualidad.<\/p>\n\n\n\n<p>Finalmente, hizo un llamado a la comunidad para no compartir informaci\u00f3n tendenciosa y contribuir a la construcci\u00f3n de una convivencia segura y pac\u00edfica. \u201cNuestro alcalde, la gobernaci\u00f3n, la polic\u00eda y las fuerzas militares est\u00e1n comprometidos en contrarrestar a quienes buscan atemorizar a la sociedad\u201d, concluy\u00f3.<\/p>\n\n\n\n<figure class=\"wp-block-video\"><\/figure>\n","protected":false},"excerpt":{"rendered":"<p>Jos\u00e9 Mart\u00edn Hincapi\u00e9 \u00c1lvarez, Secretario de Gobierno de Tulu\u00e1, emiti\u00f3 un comunicado para aclarar la situaci\u00f3n en torno a la seguridad en la ciudad y desmentir rumores sobre la posible cancelaci\u00f3n de la feria local. En medio de crecientes rumores que anunciaban la cancelaci\u00f3n de la feria de Tulu\u00e1 debido a supuestos problemas de seguridad, [&hellip;]<\/p>\n","protected":false},"author":3,"featured_media":34597,"comment_status":"open","ping_status":"open","sticky":false,"template":"","format":"video","meta":{"footnotes":""},"categories":[10],"tags":[],"class_list":["post-34596","post","type-post","status-publish","format-video","has-post-thumbnail","hentry","category-cnc-noticias-tulua","post_format-post-format-video"],"_links":{"self":[{"href":"https:\/\/cnctulua.tv\/index.php?rest_route=\/wp\/v2\/posts\/34596","targetHints":{"allow":["GET"]}}],"collection":[{"href":"https:\/\/cnctulua.tv\/index.php?rest_route=\/wp\/v2\/posts"}],"about":[{"href":"https:\/\/cnctulua.tv\/index.php?rest_route=\/wp\/v2\/types\/post"}],"author":[{"embeddable":true,"href":"https:\/\/cnctulua.tv\/index.php?rest_route=\/wp\/v2\/users\/3"}],"replies":[{"embeddable":true,"href":"https:\/\/cnctulua.tv\/index.php?rest_route=%2Fwp%2Fv2%2Fcomments&post=34596"}],"version-history":[{"count":1,"href":"https:\/\/cnctulua.tv\/index.php?rest_route=\/wp\/v2\/posts\/34596\/revisions"}],"predecessor-version":[{"id":34598,"href":"https:\/\/cnctulua.tv\/index.php?rest_route=\/wp\/v2\/posts\/34596\/revisions\/34598"}],"wp:featuredmedia":[{"embeddable":true,"href":"https:\/\/cnctulua.tv\/index.php?rest_route=\/wp\/v2\/media\/34597"}],"wp:attachment":[{"href":"https:\/\/cnctulua.tv\/index.php?rest_route=%2Fwp%2Fv2%2Fmedia&parent=34596"}],"wp:term":[{"taxonomy":"category","embeddable":true,"href":"https:\/\/cnctulua.tv\/index.php?rest_route=%2Fwp%2Fv2%2Fcategories&post=34596"},{"taxonomy":"post_tag","embeddable":true,"href":"https:\/\/cnctulua.tv\/index.php?rest_route=%2Fwp%2Fv2%2Ftags&post=34596"}],"curies":[{"name":"wp","href":"https:\/\/api.w.org\/{rel}","templated":true}]}}