{"id":34605,"date":"2025-06-06T19:04:03","date_gmt":"2025-06-06T19:04:03","guid":{"rendered":"https:\/\/cnctulua.tv\/?p=34605"},"modified":"2025-06-06T19:04:03","modified_gmt":"2025-06-06T19:04:03","slug":"tulua-refuerza-seguridad-tras-captura-de-alias-pipe-tulua-y-recientes-hechos-de-violencia","status":"publish","type":"post","link":"https:\/\/cnctulua.tv\/?p=34605","title":{"rendered":"Tulu\u00e1 refuerza seguridad tras captura de alias \u201cPipe Tulu\u00e1\u201d y recientes hechos de violencia"},"content":{"rendered":"\n<p>Tras la captura de alias \u201cPipe Tulu\u00e1\u201d, un presunto l\u00edder de un grupo de delincuencia com\u00fan organizada vinculado a m\u00faltiples homicidios y solicitado en extradici\u00f3n por Estados Unidos por narcotr\u00e1fico, las autoridades reforzaron los operativos de seguridad en Tulu\u00e1 y otras zonas del Valle del Cauca.<\/p>\n\n\n\n<p>El Ministro de Defensa, Pedro S\u00e1nchez Su\u00e1rez, y el Director General de la Polic\u00eda Nacional, Brigadier General Carlos Fernando Triana, manifestaron su rechazo a los recientes actos violentos que afectaron la regi\u00f3n y se\u00f1alaron que se ha desplegado una respuesta coordinada entre las fuerzas de seguridad para garantizar el orden p\u00fablico y proteger a la ciudadan\u00eda.<\/p>\n\n\n\n<figure class=\"wp-block-embed is-type-video is-provider-youtube wp-block-embed-youtube wp-embed-aspect-16-9 wp-has-aspect-ratio\"><div class=\"wp-block-embed__wrapper\">\n<iframe loading=\"lazy\" title=\"Alias \u201cPipe Tulu\u00e1\u201d ser\u00e1 extradictado: \u00bfc\u00f3mo responde la ciudad ante la amenaza criminal? \u2696\ufe0f\ud83d\udc41\ufe0f\" width=\"640\" height=\"360\" src=\"https:\/\/www.youtube.com\/embed\/jEpF9sYI_8M?feature=oembed\" frameborder=\"0\" allow=\"accelerometer; autoplay; clipboard-write; encrypted-media; gyroscope; picture-in-picture; web-share\" referrerpolicy=\"strict-origin-when-cross-origin\" allowfullscreen><\/iframe>\n<\/div><\/figure>\n\n\n\n<p>El alcalde de Tulu\u00e1 decret\u00f3 toque de queda, medida que facilit\u00f3 el trabajo de la fuerza p\u00fablica para identificar y neutralizar amenazas en el municipio. Las autoridades indicaron que, aunque los grupos criminales buscan evadir la justicia y generar desestabilizaci\u00f3n, la Polic\u00eda y dem\u00e1s instituciones mantienen un compromiso firme para preservar la tranquilidad de los habitantes.<\/p>\n\n\n\n<p>La investigaci\u00f3n y las labores de inteligencia contin\u00faan enfocadas en asegurar la integridad del detenido y fortalecer la protecci\u00f3n en el norte del Valle, donde se han presentado los hechos violentos. Las autoridades hicieron un llamado a la comunidad para que contin\u00fae colaborando con informaci\u00f3n que permita contrarrestar la delincuencia y garantizar la convivencia pac\u00edfica.<\/p>\n\n\n\n<figure class=\"wp-block-video\"><\/figure>\n","protected":false},"excerpt":{"rendered":"<p>Tras la captura de alias \u201cPipe Tulu\u00e1\u201d, un presunto l\u00edder de un grupo de delincuencia com\u00fan organizada vinculado a m\u00faltiples homicidios y solicitado en extradici\u00f3n por Estados Unidos por narcotr\u00e1fico, las autoridades reforzaron los operativos de seguridad en Tulu\u00e1 y otras zonas del Valle del Cauca. El Ministro de Defensa, Pedro S\u00e1nchez Su\u00e1rez, y el [&hellip;]<\/p>\n","protected":false},"author":3,"featured_media":34606,"comment_status":"open","ping_status":"open","sticky":false,"template":"","format":"video","meta":{"footnotes":""},"categories":[10],"tags":[],"class_list":["post-34605","post","type-post","status-publish","format-video","has-post-thumbnail","hentry","category-cnc-noticias-tulua","post_format-post-format-video"],"_links":{"self":[{"href":"https:\/\/cnctulua.tv\/index.php?rest_route=\/wp\/v2\/posts\/34605","targetHints":{"allow":["GET"]}}],"collection":[{"href":"https:\/\/cnctulua.tv\/index.php?rest_route=\/wp\/v2\/posts"}],"about":[{"href":"https:\/\/cnctulua.tv\/index.php?rest_route=\/wp\/v2\/types\/post"}],"author":[{"embeddable":true,"href":"https:\/\/cnctulua.tv\/index.php?rest_route=\/wp\/v2\/users\/3"}],"replies":[{"embeddable":true,"href":"https:\/\/cnctulua.tv\/index.php?rest_route=%2Fwp%2Fv2%2Fcomments&post=34605"}],"version-history":[{"count":1,"href":"https:\/\/cnctulua.tv\/index.php?rest_route=\/wp\/v2\/posts\/34605\/revisions"}],"predecessor-version":[{"id":34607,"href":"https:\/\/cnctulua.tv\/index.php?rest_route=\/wp\/v2\/posts\/34605\/revisions\/34607"}],"wp:featuredmedia":[{"embeddable":true,"href":"https:\/\/cnctulua.tv\/index.php?rest_route=\/wp\/v2\/media\/34606"}],"wp:attachment":[{"href":"https:\/\/cnctulua.tv\/index.php?rest_route=%2Fwp%2Fv2%2Fmedia&parent=34605"}],"wp:term":[{"taxonomy":"category","embeddable":true,"href":"https:\/\/cnctulua.tv\/index.php?rest_route=%2Fwp%2Fv2%2Fcategories&post=34605"},{"taxonomy":"post_tag","embeddable":true,"href":"https:\/\/cnctulua.tv\/index.php?rest_route=%2Fwp%2Fv2%2Ftags&post=34605"}],"curies":[{"name":"wp","href":"https:\/\/api.w.org\/{rel}","templated":true}]}}