{"id":34611,"date":"2025-06-06T19:08:44","date_gmt":"2025-06-06T19:08:44","guid":{"rendered":"https:\/\/cnctulua.tv\/?p=34611"},"modified":"2025-06-06T19:08:44","modified_gmt":"2025-06-06T19:08:44","slug":"gobernacion-del-valle-activa-fondo-de-recompensas-y-refuerza-apoyo-a-tulua-ante-recientes-hechos-de-inseguridad","status":"publish","type":"post","link":"https:\/\/cnctulua.tv\/?p=34611","title":{"rendered":"Gobernaci\u00f3n del Valle activa fondo de recompensas y refuerza apoyo a Tulu\u00e1 ante recientes hechos de inseguridad"},"content":{"rendered":"\n<p>Frente a los recientes episodios que han generado preocupaci\u00f3n en materia de seguridad en Tulu\u00e1, la Gobernaci\u00f3n del Valle del Cauca ha puesto en marcha todas las capacidades institucionales para apoyar al municipio, adem\u00e1s de activar un fondo de recompensas que busca facilitar la captura de los responsables.<\/p>\n\n\n\n<p>El subsecretario de Convivencia y Seguridad Ciudadana del Valle, Guillermo Londo\u00f1o, explic\u00f3 que \u201cdesde la Gobernaci\u00f3n del Valle del Cauca se ha ordenado no solamente la activaci\u00f3n de todas las capacidades institucionales para acompa\u00f1ar aqu\u00ed el municipio de Tulu\u00e1, sino que tambi\u00e9n se activ\u00f3 el fondo de recompensas, un fondo que hasta por 100 millones de pesos entregar\u00e1 a los ciudadanos que nos entreguen informaci\u00f3n que permita capturar a los responsables de las afectaciones que hemos tenido\u201d.<\/p>\n\n\n\n<figure class=\"wp-block-embed is-type-video is-provider-youtube wp-block-embed-youtube wp-embed-aspect-16-9 wp-has-aspect-ratio\"><div class=\"wp-block-embed__wrapper\">\n<iframe loading=\"lazy\" title=\"Tulu\u00e1: Fondo de recompensas y apoyo institucional para mejorar la seguridad \ud83d\udc6e\u200d\u2642\ufe0f\ud83d\udee1\ufe0f\" width=\"640\" height=\"360\" src=\"https:\/\/www.youtube.com\/embed\/VP5EDxO6jTE?feature=oembed\" frameborder=\"0\" allow=\"accelerometer; autoplay; clipboard-write; encrypted-media; gyroscope; picture-in-picture; web-share\" referrerpolicy=\"strict-origin-when-cross-origin\" allowfullscreen><\/iframe>\n<\/div><\/figure>\n\n\n\n<p>Asimismo, anunci\u00f3 que \u201cvamos a sacar el cartel de los m\u00e1s buscados, ese cartel que a trav\u00e9s de fotogramas identifica a las personas que estuvieron haciendo estos da\u00f1os\u201d. De esta manera, invit\u00f3 a la comunidad a colaborar con informaci\u00f3n para localizar y detener a los implicados.<\/p>\n\n\n\n<p>Por su parte, la gobernadora ha sido enf\u00e1tica al expresar que \u201cTulu\u00e1 no est\u00e1 sola, aqu\u00ed hay un solo equipo por la seguridad\u201d. Adem\u00e1s, asegur\u00f3 que la versi\u00f3n 67 de la feria de Tulu\u00e1 se llevar\u00e1 a cabo con normalidad y que \u201clos tulue\u00f1os tienen que estar tranquilos, que su Polic\u00eda, su Ej\u00e9rcito, su institucionalidad est\u00e1 aqu\u00ed para acompa\u00f1arlos\u201d.<\/p>\n\n\n\n<p>Con estas medidas, las autoridades buscan fortalecer la seguridad y garantizar la tranquilidad de los habitantes, invitando a la ciudadan\u00eda a continuar colaborando con la entrega de informaci\u00f3n que contribuya a la efectividad de las acciones institucionales.<\/p>\n\n\n\n<figure class=\"wp-block-video\"><\/figure>\n","protected":false},"excerpt":{"rendered":"<p>Frente a los recientes episodios que han generado preocupaci\u00f3n en materia de seguridad en Tulu\u00e1, la Gobernaci\u00f3n del Valle del Cauca ha puesto en marcha todas las capacidades institucionales para apoyar al municipio, adem\u00e1s de activar un fondo de recompensas que busca facilitar la captura de los responsables. El subsecretario de Convivencia y Seguridad Ciudadana [&hellip;]<\/p>\n","protected":false},"author":3,"featured_media":34612,"comment_status":"open","ping_status":"open","sticky":false,"template":"","format":"video","meta":{"footnotes":""},"categories":[10],"tags":[],"class_list":["post-34611","post","type-post","status-publish","format-video","has-post-thumbnail","hentry","category-cnc-noticias-tulua","post_format-post-format-video"],"_links":{"self":[{"href":"https:\/\/cnctulua.tv\/index.php?rest_route=\/wp\/v2\/posts\/34611","targetHints":{"allow":["GET"]}}],"collection":[{"href":"https:\/\/cnctulua.tv\/index.php?rest_route=\/wp\/v2\/posts"}],"about":[{"href":"https:\/\/cnctulua.tv\/index.php?rest_route=\/wp\/v2\/types\/post"}],"author":[{"embeddable":true,"href":"https:\/\/cnctulua.tv\/index.php?rest_route=\/wp\/v2\/users\/3"}],"replies":[{"embeddable":true,"href":"https:\/\/cnctulua.tv\/index.php?rest_route=%2Fwp%2Fv2%2Fcomments&post=34611"}],"version-history":[{"count":1,"href":"https:\/\/cnctulua.tv\/index.php?rest_route=\/wp\/v2\/posts\/34611\/revisions"}],"predecessor-version":[{"id":34613,"href":"https:\/\/cnctulua.tv\/index.php?rest_route=\/wp\/v2\/posts\/34611\/revisions\/34613"}],"wp:featuredmedia":[{"embeddable":true,"href":"https:\/\/cnctulua.tv\/index.php?rest_route=\/wp\/v2\/media\/34612"}],"wp:attachment":[{"href":"https:\/\/cnctulua.tv\/index.php?rest_route=%2Fwp%2Fv2%2Fmedia&parent=34611"}],"wp:term":[{"taxonomy":"category","embeddable":true,"href":"https:\/\/cnctulua.tv\/index.php?rest_route=%2Fwp%2Fv2%2Fcategories&post=34611"},{"taxonomy":"post_tag","embeddable":true,"href":"https:\/\/cnctulua.tv\/index.php?rest_route=%2Fwp%2Fv2%2Ftags&post=34611"}],"curies":[{"name":"wp","href":"https:\/\/api.w.org\/{rel}","templated":true}]}}