{"id":34629,"date":"2025-06-06T22:53:59","date_gmt":"2025-06-06T22:53:59","guid":{"rendered":"https:\/\/cnctulua.tv\/?p=34629"},"modified":"2025-06-06T22:53:59","modified_gmt":"2025-06-06T22:53:59","slug":"jovenes-de-cali-impulsan-conciencia-ambiental-con-la-creacion-del-grupo-estudiantil-ambiental","status":"publish","type":"post","link":"https:\/\/cnctulua.tv\/?p=34629","title":{"rendered":"J\u00f3venes de Cali impulsan conciencia ambiental con la creaci\u00f3n del Grupo Estudiantil Ambiental"},"content":{"rendered":"\n<p>En varios barrios de Cali, estudiantes de instituciones educativas de Pizamos, Nueva Base, Gait\u00e1n, San Luis y Manuela Beltr\u00e1n participaron en el lanzamiento del Grupo Estudiantil Ambiental (GEA), una iniciativa orientada a promover el liderazgo juvenil en temas relacionados con la conservaci\u00f3n del medio ambiente y la protecci\u00f3n animal.<\/p>\n\n\n\n<p>El proyecto, impulsado en conjunto por la Gobernaci\u00f3n del Valle del Cauca y la Polic\u00eda Ambiental, busca fortalecer la responsabilidad de los j\u00f3venes en la preservaci\u00f3n de los recursos naturales y el bienestar de los animales. Lizeth Parra, subsecretaria de Protecci\u00f3n y Bienestar Animal, resalt\u00f3 que \u201cla idea es que estos j\u00f3venes formen a m\u00e1s personas en la comunidad en el respeto y reconocimiento de los animales y del medio ambiente\u201d.<\/p>\n\n\n\n<figure class=\"wp-block-embed is-type-video is-provider-youtube wp-block-embed-youtube wp-embed-aspect-16-9 wp-has-aspect-ratio\"><div class=\"wp-block-embed__wrapper\">\n<iframe loading=\"lazy\" title=\"\u00bfC\u00f3mo un grupo de estudiantes en Cali est\u00e1 liderando el cambio ambiental? \ud83c\udf0d\u2728\" width=\"640\" height=\"360\" src=\"https:\/\/www.youtube.com\/embed\/xBKeCQf3PAw?feature=oembed\" frameborder=\"0\" allow=\"accelerometer; autoplay; clipboard-write; encrypted-media; gyroscope; picture-in-picture; web-share\" referrerpolicy=\"strict-origin-when-cross-origin\" allowfullscreen><\/iframe>\n<\/div><\/figure>\n\n\n\n<p>Conformado por 120 estudiantes, el grupo recibir\u00e1 formaci\u00f3n especializada en Gesti\u00f3n Ambiental Comunitaria, con \u00e9nfasis en la reducci\u00f3n de diferentes tipos de contaminaci\u00f3n y la protecci\u00f3n de los ecosistemas urbanos. Seg\u00fan el intendente David Fernando Rend\u00f3n Victoria, jefe de Polic\u00eda Ambiental y de Recursos Naturales, esta articulaci\u00f3n entre entidades permitir\u00e1 \u201cgenerar conciencia sobre el medio ambiente, los recursos naturales y la protecci\u00f3n animal\u201d.<\/p>\n\n\n\n<p>Estudiantes como Ana Sof\u00eda Torrente Rojas, del Liceo Santa Clara, destacaron el compromiso de los j\u00f3venes en actividades pr\u00e1cticas, tales como reciclajes y siembras, para sensibilizar a m\u00e1s compa\u00f1eros. Por su parte, Anubis Valencia Mosquera, rectora de la Asociaci\u00f3n C\u00e9sar Conto, expres\u00f3 su confianza en que los integrantes del GEA ser\u00e1n \u201cfuturos gestores ambientales que cuiden el entorno y promuevan acciones contra el cambio clim\u00e1tico\u201d.<\/p>\n\n\n\n<p>Este programa representa un paso importante en la formaci\u00f3n de ciudadanos conscientes, comprometidos con el desarrollo sostenible y la protecci\u00f3n del planeta desde sus comunidades en Cali.<\/p>\n\n\n\n<figure class=\"wp-block-video\"><\/figure>\n","protected":false},"excerpt":{"rendered":"<p>En varios barrios de Cali, estudiantes de instituciones educativas de Pizamos, Nueva Base, Gait\u00e1n, San Luis y Manuela Beltr\u00e1n participaron en el lanzamiento del Grupo Estudiantil Ambiental (GEA), una iniciativa orientada a promover el liderazgo juvenil en temas relacionados con la conservaci\u00f3n del medio ambiente y la protecci\u00f3n animal. El proyecto, impulsado en conjunto por [&hellip;]<\/p>\n","protected":false},"author":3,"featured_media":34630,"comment_status":"open","ping_status":"open","sticky":false,"template":"","format":"video","meta":{"footnotes":""},"categories":[10],"tags":[],"class_list":["post-34629","post","type-post","status-publish","format-video","has-post-thumbnail","hentry","category-cnc-noticias-tulua","post_format-post-format-video"],"_links":{"self":[{"href":"https:\/\/cnctulua.tv\/index.php?rest_route=\/wp\/v2\/posts\/34629","targetHints":{"allow":["GET"]}}],"collection":[{"href":"https:\/\/cnctulua.tv\/index.php?rest_route=\/wp\/v2\/posts"}],"about":[{"href":"https:\/\/cnctulua.tv\/index.php?rest_route=\/wp\/v2\/types\/post"}],"author":[{"embeddable":true,"href":"https:\/\/cnctulua.tv\/index.php?rest_route=\/wp\/v2\/users\/3"}],"replies":[{"embeddable":true,"href":"https:\/\/cnctulua.tv\/index.php?rest_route=%2Fwp%2Fv2%2Fcomments&post=34629"}],"version-history":[{"count":1,"href":"https:\/\/cnctulua.tv\/index.php?rest_route=\/wp\/v2\/posts\/34629\/revisions"}],"predecessor-version":[{"id":34631,"href":"https:\/\/cnctulua.tv\/index.php?rest_route=\/wp\/v2\/posts\/34629\/revisions\/34631"}],"wp:featuredmedia":[{"embeddable":true,"href":"https:\/\/cnctulua.tv\/index.php?rest_route=\/wp\/v2\/media\/34630"}],"wp:attachment":[{"href":"https:\/\/cnctulua.tv\/index.php?rest_route=%2Fwp%2Fv2%2Fmedia&parent=34629"}],"wp:term":[{"taxonomy":"category","embeddable":true,"href":"https:\/\/cnctulua.tv\/index.php?rest_route=%2Fwp%2Fv2%2Fcategories&post=34629"},{"taxonomy":"post_tag","embeddable":true,"href":"https:\/\/cnctulua.tv\/index.php?rest_route=%2Fwp%2Fv2%2Ftags&post=34629"}],"curies":[{"name":"wp","href":"https:\/\/api.w.org\/{rel}","templated":true}]}}