{"id":34650,"date":"2025-06-09T19:17:55","date_gmt":"2025-06-09T19:17:55","guid":{"rendered":"https:\/\/cnctulua.tv\/?p=34650"},"modified":"2025-06-09T19:17:55","modified_gmt":"2025-06-09T19:17:55","slug":"tulua-se-prepara-para-la-tradicional-cabalgata-de-la-feria-que-se-realizara-el-14-de-junio","status":"publish","type":"post","link":"https:\/\/cnctulua.tv\/?p=34650","title":{"rendered":"Tulu\u00e1 se prepara para la tradicional cabalgata de la Feria, que se realizar\u00e1 el 14 de junio"},"content":{"rendered":"\n<p>El pr\u00f3ximo 14 de junio, Tulu\u00e1 vivir\u00e1 uno de sus momentos m\u00e1s emblem\u00e1ticos: la cabalgata que dar\u00e1 inicio a la Sexag\u00e9sima S\u00e9ptima Feria, un evento que re\u00fane tradici\u00f3n, cultura y el esp\u00edritu de la comunidad tulue\u00f1a. Este a\u00f1o, la organizaci\u00f3n ha puesto especial \u00e9nfasis en la log\u00edstica y el bienestar de los participantes y sus caballos, con un recorrido que promete ser ordenado y seguro.<\/p>\n\n\n\n<p>La salida se realizar\u00e1 en el desembarcadero frente a la empresa Nutrium, en la entrada sur de la ciudad, desde donde los jinetes y sus animales recorrer\u00e1n un trayecto cuidadosamente planeado. La cabalgata avanzar\u00e1 por la calle 48, seguir\u00e1 por la carrera 27\u00aa y la carrera 26\u00aa, para luego tomar la calle 29 y la carrera 30, donde cruzar\u00e1n el emblem\u00e1tico puente \u201cNegro\u201d. A partir de ah\u00ed, continuar\u00e1n por la carrera 30, la calle 27, la carrera 36 y la calle 29, culminando en la carrera 40, punto donde concluir\u00e1 esta tradicional marcha.<\/p>\n\n\n\n<figure class=\"wp-block-embed is-type-video is-provider-youtube wp-block-embed-youtube wp-embed-aspect-16-9 wp-has-aspect-ratio\"><div class=\"wp-block-embed__wrapper\">\n<iframe loading=\"lazy\" title=\"Cabalgata Feria de Tulu\u00e1 2025: Recorrido, seguridad y bienestar equino \ud83d\udc34\u2728\" width=\"640\" height=\"360\" src=\"https:\/\/www.youtube.com\/embed\/dcaRwQA1pv8?feature=oembed\" frameborder=\"0\" allow=\"accelerometer; autoplay; clipboard-write; encrypted-media; gyroscope; picture-in-picture; web-share\" referrerpolicy=\"strict-origin-when-cross-origin\" allowfullscreen><\/iframe>\n<\/div><\/figure>\n\n\n\n<p>Germ\u00e1n Marulanda, presidente de la Feria, detall\u00f3 que la organizaci\u00f3n ha trabajado de manera coordinada con las autoridades locales para asegurar que todos los aspectos log\u00edsticos est\u00e9n cubiertos. \u201cEstamos realizando mesas t\u00e9cnicas y log\u00edsticas con la Secretar\u00eda de Gobierno, la Alcald\u00eda y la Junta Directiva. Adem\u00e1s, contaremos con el apoyo de la Polic\u00eda Nacional, el Ej\u00e9rcito y otras instituciones que garantizar\u00e1n la seguridad y el orden durante la cabalgata\u201d, afirm\u00f3.<\/p>\n\n\n\n<p>Para proteger a los caballos y a sus jinetes, la cabalgata iniciar\u00e1 entre las 3:00 y las 3:30 de la tarde, evitando as\u00ed las horas de mayor radiaci\u00f3n solar. Adem\u00e1s, se instalar\u00e1n dos puntos de bienestar equino a lo largo del recorrido, donde habr\u00e1 veterinarios, herreros, personal encargado de la hidrataci\u00f3n y equipos de atenci\u00f3n prehospitalaria, listos para atender cualquier eventualidad.<\/p>\n\n\n\n<p>Marulanda tambi\u00e9n resalt\u00f3 la importancia de la organizaci\u00f3n en el punto de desembarque, donde un equipo log\u00edstico estar\u00e1 a cargo de recibir y ordenar la entrada de los veh\u00edculos con equinos, asegurando un proceso fluido y seguro.<\/p>\n\n\n\n<p>En cuanto a la venta de manillas para acceder a los eventos feriales, el presidente indic\u00f3 que la preventa ha tenido buena aceptaci\u00f3n, con varios momentos de venta que reflejan el inter\u00e9s de la comunidad por participar en la Feria.<\/p>\n\n\n\n<p>Finalmente, se hace un llamado a los habitantes de Tulu\u00e1 para que disfruten de la cabalgata con respeto y responsabilidad, valorando esta tradici\u00f3n que a\u00f1o tras a\u00f1o fortalece la identidad local y promueve la convivencia.<\/p>\n\n\n\n<figure class=\"wp-block-video\"><\/figure>\n","protected":false},"excerpt":{"rendered":"<p>El pr\u00f3ximo 14 de junio, Tulu\u00e1 vivir\u00e1 uno de sus momentos m\u00e1s emblem\u00e1ticos: la cabalgata que dar\u00e1 inicio a la Sexag\u00e9sima S\u00e9ptima Feria, un evento que re\u00fane tradici\u00f3n, cultura y el esp\u00edritu de la comunidad tulue\u00f1a. Este a\u00f1o, la organizaci\u00f3n ha puesto especial \u00e9nfasis en la log\u00edstica y el bienestar de los participantes y sus [&hellip;]<\/p>\n","protected":false},"author":3,"featured_media":34651,"comment_status":"open","ping_status":"open","sticky":false,"template":"","format":"video","meta":{"footnotes":""},"categories":[10],"tags":[],"class_list":["post-34650","post","type-post","status-publish","format-video","has-post-thumbnail","hentry","category-cnc-noticias-tulua","post_format-post-format-video"],"_links":{"self":[{"href":"https:\/\/cnctulua.tv\/index.php?rest_route=\/wp\/v2\/posts\/34650","targetHints":{"allow":["GET"]}}],"collection":[{"href":"https:\/\/cnctulua.tv\/index.php?rest_route=\/wp\/v2\/posts"}],"about":[{"href":"https:\/\/cnctulua.tv\/index.php?rest_route=\/wp\/v2\/types\/post"}],"author":[{"embeddable":true,"href":"https:\/\/cnctulua.tv\/index.php?rest_route=\/wp\/v2\/users\/3"}],"replies":[{"embeddable":true,"href":"https:\/\/cnctulua.tv\/index.php?rest_route=%2Fwp%2Fv2%2Fcomments&post=34650"}],"version-history":[{"count":1,"href":"https:\/\/cnctulua.tv\/index.php?rest_route=\/wp\/v2\/posts\/34650\/revisions"}],"predecessor-version":[{"id":34652,"href":"https:\/\/cnctulua.tv\/index.php?rest_route=\/wp\/v2\/posts\/34650\/revisions\/34652"}],"wp:featuredmedia":[{"embeddable":true,"href":"https:\/\/cnctulua.tv\/index.php?rest_route=\/wp\/v2\/media\/34651"}],"wp:attachment":[{"href":"https:\/\/cnctulua.tv\/index.php?rest_route=%2Fwp%2Fv2%2Fmedia&parent=34650"}],"wp:term":[{"taxonomy":"category","embeddable":true,"href":"https:\/\/cnctulua.tv\/index.php?rest_route=%2Fwp%2Fv2%2Fcategories&post=34650"},{"taxonomy":"post_tag","embeddable":true,"href":"https:\/\/cnctulua.tv\/index.php?rest_route=%2Fwp%2Fv2%2Ftags&post=34650"}],"curies":[{"name":"wp","href":"https:\/\/api.w.org\/{rel}","templated":true}]}}