{"id":34653,"date":"2025-06-09T19:23:20","date_gmt":"2025-06-09T19:23:20","guid":{"rendered":"https:\/\/cnctulua.tv\/?p=34653"},"modified":"2025-06-09T19:23:20","modified_gmt":"2025-06-09T19:23:20","slug":"carnaval-del-pueblo-tulua-vivira-el-desfile-de-comparsas-este-19-de-junio","status":"publish","type":"post","link":"https:\/\/cnctulua.tv\/?p=34653","title":{"rendered":"Carnaval del Pueblo: Tulu\u00e1 vivir\u00e1 el desfile de comparsas este 19 de junio"},"content":{"rendered":"\n<p>El pr\u00f3ximo jueves 19 de junio, en el marco de la Sexag\u00e9sima S\u00e9ptima Feria, Tulu\u00e1 contar\u00e1 con el tradicional desfile de comparsas \u201cCarnaval del Pueblo\u201d, un evento que reunir\u00e1 a m\u00e1s de 1.200 artistas en escena y que se ha consolidado como una de las expresiones culturales m\u00e1s representativas de la ciudad.<\/p>\n\n\n\n<p>Este desfile, organizado por el Departamento de Arte y Cultura en articulaci\u00f3n con ASOFERIAS y el Ministerio de Cultura, se iniciar\u00e1 a las 4:00 p.m. desde la Transversal 12 con calle 25. El recorrido avanzar\u00e1 por la carrera 25 hasta finalizar en la Plaza C\u00edvica Boyac\u00e1, donde se llevar\u00e1 a cabo un espect\u00e1culo art\u00edstico de cierre.<\/p>\n\n\n\n<figure class=\"wp-block-embed is-type-video is-provider-youtube wp-block-embed-youtube wp-embed-aspect-16-9 wp-has-aspect-ratio\"><div class=\"wp-block-embed__wrapper\">\n<iframe loading=\"lazy\" title=\"\ud83c\udfad Carnaval del Pueblo en Tulu\u00e1: as\u00ed ser\u00e1 el desfile de comparsas este 19 de junio \ud83e\udd41\" width=\"640\" height=\"360\" src=\"https:\/\/www.youtube.com\/embed\/ZvyLOWvWb2Y?feature=oembed\" frameborder=\"0\" allow=\"accelerometer; autoplay; clipboard-write; encrypted-media; gyroscope; picture-in-picture; web-share\" referrerpolicy=\"strict-origin-when-cross-origin\" allowfullscreen><\/iframe>\n<\/div><\/figure>\n\n\n\n<p>El evento contar\u00e1 con la participaci\u00f3n de 22 comparsas en competencia, seis bandas marciales y agrupaciones invitadas provenientes de municipios como Palmira, Yumbo, Buga, San Pedro y del mismo Tulu\u00e1. Como antesala, el desfile incluir\u00e1 una muestra de bicicletas antiguas, que abrir\u00e1 paso a los diferentes grupos art\u00edsticos.<\/p>\n\n\n\n<p>Desde la organizaci\u00f3n, se ha destacado el valor cultural de esta actividad. Germ\u00e1n Marulanda, presidente de la Feria, se\u00f1al\u00f3 que el Carnaval del Pueblo permitir\u00e1 a los tulue\u00f1os reencontrarse con el folklore, la danza y el ritmo que forman parte de la identidad local. \u201cLa invitaci\u00f3n es a salir a las calles, disfrutar del desfile con precauci\u00f3n y evitar invadir el recorrido para preservar la seguridad de los artistas y del p\u00fablico\u201d, expres\u00f3.<\/p>\n\n\n\n<p>La directora del Departamento de Arte y Cultura, Gisela Calero \u00c1lvarez, tambi\u00e9n subray\u00f3 la importancia del evento como espacio de encuentro familiar y de afirmaci\u00f3n cultural. \u201cEste desfile nos permitir\u00e1 ver representados en escena sitios emblem\u00e1ticos de Tulu\u00e1 a trav\u00e9s del arte, la m\u00fasica y la creatividad. Ser\u00e1 una tarde para celebrar lo que somos como comunidad\u201d, afirm\u00f3.<\/p>\n\n\n\n<p>El jurado calificador estar\u00e1 compuesto por siete especialistas de trayectoria internacional en \u00e1reas como danza, teatro, m\u00fasica y artes pl\u00e1sticas. Ellos ser\u00e1n los encargados de seleccionar las cuatro mejores comparsas del certamen, basados en criterios art\u00edsticos, t\u00e9cnicos y de contenido cultural.<\/p>\n\n\n\n<p>Con una programaci\u00f3n que mezcla tradici\u00f3n, arte y participaci\u00f3n ciudadana, el \u201cCarnaval del Pueblo\u201d promete ser el punto de partida ideal para la Feria de Tulu\u00e1, invitando a todos a vivir la fiesta con alegr\u00eda y respeto.<\/p>\n\n\n\n<figure class=\"wp-block-video\"><\/figure>\n","protected":false},"excerpt":{"rendered":"<p>El pr\u00f3ximo jueves 19 de junio, en el marco de la Sexag\u00e9sima S\u00e9ptima Feria, Tulu\u00e1 contar\u00e1 con el tradicional desfile de comparsas \u201cCarnaval del Pueblo\u201d, un evento que reunir\u00e1 a m\u00e1s de 1.200 artistas en escena y que se ha consolidado como una de las expresiones culturales m\u00e1s representativas de la ciudad. Este desfile, organizado [&hellip;]<\/p>\n","protected":false},"author":3,"featured_media":34654,"comment_status":"open","ping_status":"open","sticky":false,"template":"","format":"video","meta":{"footnotes":""},"categories":[10],"tags":[],"class_list":["post-34653","post","type-post","status-publish","format-video","has-post-thumbnail","hentry","category-cnc-noticias-tulua","post_format-post-format-video"],"_links":{"self":[{"href":"https:\/\/cnctulua.tv\/index.php?rest_route=\/wp\/v2\/posts\/34653","targetHints":{"allow":["GET"]}}],"collection":[{"href":"https:\/\/cnctulua.tv\/index.php?rest_route=\/wp\/v2\/posts"}],"about":[{"href":"https:\/\/cnctulua.tv\/index.php?rest_route=\/wp\/v2\/types\/post"}],"author":[{"embeddable":true,"href":"https:\/\/cnctulua.tv\/index.php?rest_route=\/wp\/v2\/users\/3"}],"replies":[{"embeddable":true,"href":"https:\/\/cnctulua.tv\/index.php?rest_route=%2Fwp%2Fv2%2Fcomments&post=34653"}],"version-history":[{"count":1,"href":"https:\/\/cnctulua.tv\/index.php?rest_route=\/wp\/v2\/posts\/34653\/revisions"}],"predecessor-version":[{"id":34655,"href":"https:\/\/cnctulua.tv\/index.php?rest_route=\/wp\/v2\/posts\/34653\/revisions\/34655"}],"wp:featuredmedia":[{"embeddable":true,"href":"https:\/\/cnctulua.tv\/index.php?rest_route=\/wp\/v2\/media\/34654"}],"wp:attachment":[{"href":"https:\/\/cnctulua.tv\/index.php?rest_route=%2Fwp%2Fv2%2Fmedia&parent=34653"}],"wp:term":[{"taxonomy":"category","embeddable":true,"href":"https:\/\/cnctulua.tv\/index.php?rest_route=%2Fwp%2Fv2%2Fcategories&post=34653"},{"taxonomy":"post_tag","embeddable":true,"href":"https:\/\/cnctulua.tv\/index.php?rest_route=%2Fwp%2Fv2%2Ftags&post=34653"}],"curies":[{"name":"wp","href":"https:\/\/api.w.org\/{rel}","templated":true}]}}