{"id":34656,"date":"2025-06-09T19:29:26","date_gmt":"2025-06-09T19:29:26","guid":{"rendered":"https:\/\/cnctulua.tv\/?p=34656"},"modified":"2025-06-09T19:29:26","modified_gmt":"2025-06-09T19:29:26","slug":"el-coliseo-manuel-victoria-rojas-abrira-sus-puertas-este-20-de-junio-para-la-feria-67a-de-tulua","status":"publish","type":"post","link":"https:\/\/cnctulua.tv\/?p=34656","title":{"rendered":"El Coliseo Manuel Victoria Rojas abrir\u00e1 sus puertas este 20 de junio para la Feria 67\u00aa de Tulu\u00e1"},"content":{"rendered":"\n<p>El pr\u00f3ximo jueves 20 de junio, el Coliseo Manuel Victoria Rojas se convertir\u00e1 en el coraz\u00f3n de la Sexag\u00e9sima S\u00e9ptima Feria de Tulu\u00e1, al abrir sus puertas para recibir a propios y visitantes con una amplia oferta de actividades culturales, comerciales y recreativas. Desde las 8:00 a.\u202fm., el recinto ferial estar\u00e1 habilitado para el ingreso del p\u00fablico, con una tarifa \u00fanica de $15.000 v\u00e1lida durante cualquier d\u00eda de feria.<\/p>\n\n\n\n<p>La programaci\u00f3n dentro del coliseo contempla 12 zonas tem\u00e1ticas dise\u00f1adas para ofrecer una experiencia diversa, dirigida a ni\u00f1os, j\u00f3venes y adultos. Entre los espacios m\u00e1s destacados se encuentran la tradicional plaza de mecato, el \u00e1rea de plantas ornamentales, el Pueblito Tulue\u00f1o, una completa exposici\u00f3n artesanal, la muestra de especies menores y el sector ganadero.<\/p>\n\n\n\n<figure class=\"wp-block-embed is-type-video is-provider-youtube wp-block-embed-youtube wp-embed-aspect-16-9 wp-has-aspect-ratio\"><div class=\"wp-block-embed__wrapper\">\nhttps:\/\/youtu.be\/WZeQP9zQ5Ak\n<\/div><\/figure>\n\n\n\n<p>Adem\u00e1s, se desarrollar\u00e1n eventos en la feria equina grado A, en la manga de vaquer\u00eda y en la casa del terror, a lo que se suma una zona de rumba con una carpa destinada a conciertos de gran formato. Esta combinaci\u00f3n convierte al coliseo en un espacio de encuentro para todos los p\u00fablicos.<\/p>\n\n\n\n<p>Germ\u00e1n Marulanda, presidente de la Feria de Tulu\u00e1, afirm\u00f3 que se ha dise\u00f1ado una programaci\u00f3n pensada para que cada visitante pueda encontrar una actividad de su inter\u00e9s. \u201cEste ser\u00e1 un lugar donde la comunidad podr\u00e1 disfrutar de nuestra cultura, nuestra tradici\u00f3n agropecuaria y tambi\u00e9n del entretenimiento moderno. Queremos que todos vivan la feria con alegr\u00eda y respeto\u201d, expres\u00f3.<\/p>\n\n\n\n<p>El coliseo tambi\u00e9n ser\u00e1 escenario de actividades art\u00edsticas y presentaciones musicales a lo largo de los d\u00edas de feria, consolid\u00e1ndose como uno de los ejes principales del evento. Desde la organizaci\u00f3n se ha invitado a la ciudadan\u00eda a participar de manera ordenada y a hacer de esta edici\u00f3n n\u00famero 67 una feria memorable.<\/p>\n\n\n\n<figure class=\"wp-block-video\"><\/figure>\n","protected":false},"excerpt":{"rendered":"<p>El pr\u00f3ximo jueves 20 de junio, el Coliseo Manuel Victoria Rojas se convertir\u00e1 en el coraz\u00f3n de la Sexag\u00e9sima S\u00e9ptima Feria de Tulu\u00e1, al abrir sus puertas para recibir a propios y visitantes con una amplia oferta de actividades culturales, comerciales y recreativas. Desde las 8:00 a.\u202fm., el recinto ferial estar\u00e1 habilitado para el ingreso [&hellip;]<\/p>\n","protected":false},"author":3,"featured_media":34657,"comment_status":"open","ping_status":"open","sticky":false,"template":"","format":"video","meta":{"footnotes":""},"categories":[10],"tags":[],"class_list":["post-34656","post","type-post","status-publish","format-video","has-post-thumbnail","hentry","category-cnc-noticias-tulua","post_format-post-format-video"],"_links":{"self":[{"href":"https:\/\/cnctulua.tv\/index.php?rest_route=\/wp\/v2\/posts\/34656","targetHints":{"allow":["GET"]}}],"collection":[{"href":"https:\/\/cnctulua.tv\/index.php?rest_route=\/wp\/v2\/posts"}],"about":[{"href":"https:\/\/cnctulua.tv\/index.php?rest_route=\/wp\/v2\/types\/post"}],"author":[{"embeddable":true,"href":"https:\/\/cnctulua.tv\/index.php?rest_route=\/wp\/v2\/users\/3"}],"replies":[{"embeddable":true,"href":"https:\/\/cnctulua.tv\/index.php?rest_route=%2Fwp%2Fv2%2Fcomments&post=34656"}],"version-history":[{"count":1,"href":"https:\/\/cnctulua.tv\/index.php?rest_route=\/wp\/v2\/posts\/34656\/revisions"}],"predecessor-version":[{"id":34658,"href":"https:\/\/cnctulua.tv\/index.php?rest_route=\/wp\/v2\/posts\/34656\/revisions\/34658"}],"wp:featuredmedia":[{"embeddable":true,"href":"https:\/\/cnctulua.tv\/index.php?rest_route=\/wp\/v2\/media\/34657"}],"wp:attachment":[{"href":"https:\/\/cnctulua.tv\/index.php?rest_route=%2Fwp%2Fv2%2Fmedia&parent=34656"}],"wp:term":[{"taxonomy":"category","embeddable":true,"href":"https:\/\/cnctulua.tv\/index.php?rest_route=%2Fwp%2Fv2%2Fcategories&post=34656"},{"taxonomy":"post_tag","embeddable":true,"href":"https:\/\/cnctulua.tv\/index.php?rest_route=%2Fwp%2Fv2%2Ftags&post=34656"}],"curies":[{"name":"wp","href":"https:\/\/api.w.org\/{rel}","templated":true}]}}