{"id":34659,"date":"2025-06-09T19:35:51","date_gmt":"2025-06-09T19:35:51","guid":{"rendered":"https:\/\/cnctulua.tv\/?p=34659"},"modified":"2025-06-09T19:37:49","modified_gmt":"2025-06-09T19:37:49","slug":"atentado-con-granada-en-carcel-de-villahermosa-deja-cinco-heridos-entre-ellos-un-menor-de-edad","status":"publish","type":"post","link":"https:\/\/cnctulua.tv\/?p=34659","title":{"rendered":"Atentado con Granada en C\u00e1rcel de Villahermosa deja cinco heridos, entre ellos un menor de edad"},"content":{"rendered":"\n<p>La noche del pasado s\u00e1bado, un hecho violento sacudi\u00f3 la tranquilidad en inmediaciones del centro penitenciario de Villahermosa, en Cali, cuando un artefacto explosivo tipo granada fue lanzado contra la entrada principal del establecimiento. El ataque dej\u00f3 como saldo cinco personas heridas: cuatro funcionarios del Instituto Nacional Penitenciario y Carcelario (INPEC) y un menor de 10 a\u00f1os.<\/p>\n\n\n\n<p>El Brigadier General Carlos Oviedo Lamprea, comandante de la Polic\u00eda Metropolitana de Cali, conden\u00f3 en\u00e9rgicamente este acto criminal, el cual calific\u00f3 como un ataque cobarde que atenta contra la seguridad ciudadana y el sistema penitenciario. \u201cDebemos manifestar un rechazo contundente a esta acci\u00f3n criminal\u201d, afirm\u00f3 el alto oficial.<\/p>\n\n\n\n<figure class=\"wp-block-embed is-type-video is-provider-youtube wp-block-embed-youtube wp-embed-aspect-16-9 wp-has-aspect-ratio\"><div class=\"wp-block-embed__wrapper\">\n<iframe loading=\"lazy\" title=\"\ud83d\udd0e \u00bfQu\u00e9 hay detr\u00e1s de los ataques a c\u00e1rceles en el Valle del Cauca? | Cali, Buga y Tulu\u00e1 bajo la lupa\" width=\"640\" height=\"360\" src=\"https:\/\/www.youtube.com\/embed\/9YuobOiyhvE?feature=oembed\" frameborder=\"0\" allow=\"accelerometer; autoplay; clipboard-write; encrypted-media; gyroscope; picture-in-picture; web-share\" referrerpolicy=\"strict-origin-when-cross-origin\" allowfullscreen><\/iframe>\n<\/div><\/figure>\n\n\n\n<p>Los heridos, que presentaron esquirlas en diversas partes del cuerpo, fueron trasladados de inmediato a centros m\u00e9dicos. Seg\u00fan informaci\u00f3n oficial, tres de los cinco afectados ya fueron dados de alta, mientras que el menor y uno de los guardianes contin\u00faan bajo observaci\u00f3n m\u00e9dica, aunque fuera de peligro.<\/p>\n\n\n\n<p>Tras el atentado, se activ\u00f3 una \u201cburbuja investigativa\u201d entre la Polic\u00eda Nacional y la Fiscal\u00eda General de la Naci\u00f3n, incluyendo al Cuerpo T\u00e9cnico de Investigaci\u00f3n (CTI). Como parte de las diligencias, se est\u00e1 revisando el circuito cerrado de televisi\u00f3n de la zona y se est\u00e1n recopilando testimonios de personas presentes al momento de los hechos. De manera preliminar, testigos se\u00f1alaron a dos personas en motocicleta como posibles autores del ataque.<\/p>\n\n\n\n<p>Las autoridades no descartan que el atentado est\u00e9 relacionado con amenazas recientes atribuidas a grupos delincuenciales como \u201cLos de la Mago\u201d, que han generado intimidaciones contra personal del INPEC. Tambi\u00e9n se investiga si el ataque podr\u00eda estar vinculado a personas privadas de la libertad que estaban pr\u00f3ximas a recuperar su libertad.<\/p>\n\n\n\n<p>En paralelo, otros hechos violentos registrados en municipios del centro del Valle, como Buga y Tulu\u00e1, est\u00e1n siendo analizados como parte de un posible patr\u00f3n de ataques coordinados contra centros carcelarios y personal penitenciario. En Buga, durante la ma\u00f1ana del mismo s\u00e1bado, se registr\u00f3 un ataque con arma de fuego en el que un guardia del INPEC result\u00f3 levemente herido, adem\u00e1s del hallazgo de otra granada que, afortunadamente, no deton\u00f3.<\/p>\n\n\n\n<p>\u201cEstamos articulando esfuerzos con la direcci\u00f3n de Villahermosa y reforzando la presencia institucional en la zona, tanto con patrullas uniformadas como con personal encubierto, para prevenir futuros atentados\u201d, indic\u00f3 el general Oviedo.<\/p>\n\n\n\n<p>Las autoridades han reiterado su compromiso con esclarecer los hechos, identificar a los responsables y llevarlos ante la justicia. La investigaci\u00f3n contin\u00faa en curso.<\/p>\n\n\n\n<figure class=\"wp-block-video\"><\/figure>\n","protected":false},"excerpt":{"rendered":"<p>La noche del pasado s\u00e1bado, un hecho violento sacudi\u00f3 la tranquilidad en inmediaciones del centro penitenciario de Villahermosa, en Cali, cuando un artefacto explosivo tipo granada fue lanzado contra la entrada principal del establecimiento. El ataque dej\u00f3 como saldo cinco personas heridas: cuatro funcionarios del Instituto Nacional Penitenciario y Carcelario (INPEC) y un menor de [&hellip;]<\/p>\n","protected":false},"author":3,"featured_media":34662,"comment_status":"open","ping_status":"open","sticky":false,"template":"","format":"video","meta":{"footnotes":""},"categories":[1],"tags":[],"class_list":["post-34659","post","type-post","status-publish","format-video","has-post-thumbnail","hentry","category-uncategorized","post_format-post-format-video"],"_links":{"self":[{"href":"https:\/\/cnctulua.tv\/index.php?rest_route=\/wp\/v2\/posts\/34659","targetHints":{"allow":["GET"]}}],"collection":[{"href":"https:\/\/cnctulua.tv\/index.php?rest_route=\/wp\/v2\/posts"}],"about":[{"href":"https:\/\/cnctulua.tv\/index.php?rest_route=\/wp\/v2\/types\/post"}],"author":[{"embeddable":true,"href":"https:\/\/cnctulua.tv\/index.php?rest_route=\/wp\/v2\/users\/3"}],"replies":[{"embeddable":true,"href":"https:\/\/cnctulua.tv\/index.php?rest_route=%2Fwp%2Fv2%2Fcomments&post=34659"}],"version-history":[{"count":1,"href":"https:\/\/cnctulua.tv\/index.php?rest_route=\/wp\/v2\/posts\/34659\/revisions"}],"predecessor-version":[{"id":34660,"href":"https:\/\/cnctulua.tv\/index.php?rest_route=\/wp\/v2\/posts\/34659\/revisions\/34660"}],"wp:featuredmedia":[{"embeddable":true,"href":"https:\/\/cnctulua.tv\/index.php?rest_route=\/wp\/v2\/media\/34662"}],"wp:attachment":[{"href":"https:\/\/cnctulua.tv\/index.php?rest_route=%2Fwp%2Fv2%2Fmedia&parent=34659"}],"wp:term":[{"taxonomy":"category","embeddable":true,"href":"https:\/\/cnctulua.tv\/index.php?rest_route=%2Fwp%2Fv2%2Fcategories&post=34659"},{"taxonomy":"post_tag","embeddable":true,"href":"https:\/\/cnctulua.tv\/index.php?rest_route=%2Fwp%2Fv2%2Ftags&post=34659"}],"curies":[{"name":"wp","href":"https:\/\/api.w.org\/{rel}","templated":true}]}}