{"id":34669,"date":"2025-06-09T19:46:18","date_gmt":"2025-06-09T19:46:18","guid":{"rendered":"https:\/\/cnctulua.tv\/?p=34669"},"modified":"2025-06-09T19:46:18","modified_gmt":"2025-06-09T19:46:18","slug":"el-evento-de-comercio-exterior-mas-importante-del-pais-se-realizara-el-9-y-10-de-julio-con-sede-en-el-valle-del-cauca","status":"publish","type":"post","link":"https:\/\/cnctulua.tv\/?p=34669","title":{"rendered":"El evento de comercio exterior m\u00e1s importante del pa\u00eds se realizar\u00e1 el 9 y 10 de julio con sede en el Valle del Cauca."},"content":{"rendered":"\n<p>El Valle del Cauca se convertir\u00e1 el 9 y 10 de julio en el epicentro del comercio internacional con la realizaci\u00f3n de la Macrorrueda 105 de ProColombia, un evento que reunir\u00e1 a m\u00e1s de 1.500 empresarios nacionales, 700 compradores internacionales y al menos 60 potenciales inversionistas. La expectativa empresarial crece ante esta cita estrat\u00e9gica que busca potenciar las exportaciones, atraer inversi\u00f3n extranjera y posicionar a la regi\u00f3n en mercados globales.<\/p>\n\n\n\n<p>De cara a este escenario, empresarios locales contin\u00faan su proceso de preparaci\u00f3n t\u00e9cnica y comercial, con el objetivo de aprovechar al m\u00e1ximo las oportunidades de negocio. Las capacitaciones han estado centradas en temas clave como normatividad internacional, habilidades de negociaci\u00f3n, estructuraci\u00f3n de precios y requisitos log\u00edsticos para exportaci\u00f3n.<\/p>\n\n\n\n<figure class=\"wp-block-embed is-type-video is-provider-youtube wp-block-embed-youtube wp-embed-aspect-16-9 wp-has-aspect-ratio\"><div class=\"wp-block-embed__wrapper\">\n<iframe loading=\"lazy\" title=\"As\u00ed se prepara el valle del cauca para conectar con el mundo en la Macrorrueda 105 \ud83c\udf0d\ud83d\udcc8\" width=\"640\" height=\"360\" src=\"https:\/\/www.youtube.com\/embed\/0Lvfax_QEbM?feature=oembed\" frameborder=\"0\" allow=\"accelerometer; autoplay; clipboard-write; encrypted-media; gyroscope; picture-in-picture; web-share\" referrerpolicy=\"strict-origin-when-cross-origin\" allowfullscreen><\/iframe>\n<\/div><\/figure>\n\n\n\n<p>\u00d3scar Eduardo Vivas, secretario de Desarrollo Econ\u00f3mico del Valle del Cauca, explic\u00f3 que estas acciones buscan cerrar brechas que tradicionalmente han limitado la inserci\u00f3n de las empresas en el mercado internacional: \u201cEstamos fortaleciendo las capacidades del empresariado regional, con una meta clara de lograr ventas in situ cercanas a los 13 millones de d\u00f3lares durante el evento\u201d.<\/p>\n\n\n\n<p>La preparaci\u00f3n ha contado con el acompa\u00f1amiento de gremios empresariales, c\u00e1maras de comercio y asociaciones sectoriales. Rafael Antonio Mu\u00f1oz Aguilar, director ejecutivo de Acopi Valle del Cauca, destac\u00f3 que este proceso ha sido integral y estrat\u00e9gico: \u201cEl empresariado est\u00e1 recibiendo herramientas para negociar con compradores internacionales, adaptarse a est\u00e1ndares globales y competir en igualdad de condiciones\u201d.<\/p>\n\n\n\n<p>M\u00e1s all\u00e1 del intercambio comercial, la Macrorrueda tambi\u00e9n representa una oportunidad para visibilizar el potencial del Valle del Cauca como destino atractivo para la inversi\u00f3n extranjera y el turismo. As\u00ed lo se\u00f1al\u00f3 Ana Luc\u00eda Jaramillo, directora ejecutiva de la C\u00e1mara de Comercio Colombo Americana: \u201cEste evento permitir\u00e1 mostrar lo que somos como regi\u00f3n y abrir nuevas posibilidades de crecimiento econ\u00f3mico a partir de la llegada de inversionistas y visitantes internacionales\u201d.<\/p>\n\n\n\n<p>El evento es considerado uno de los m\u00e1s importantes del pa\u00eds en materia de internacionalizaci\u00f3n empresarial. Su realizaci\u00f3n en el Valle del Cauca no solo representa una vitrina para el talento y la producci\u00f3n local, sino tambi\u00e9n un paso estrat\u00e9gico en la consolidaci\u00f3n del departamento como un actor relevante en el comercio exterior colombiano.<\/p>\n\n\n\n<figure class=\"wp-block-video\"><\/figure>\n","protected":false},"excerpt":{"rendered":"<p>El Valle del Cauca se convertir\u00e1 el 9 y 10 de julio en el epicentro del comercio internacional con la realizaci\u00f3n de la Macrorrueda 105 de ProColombia, un evento que reunir\u00e1 a m\u00e1s de 1.500 empresarios nacionales, 700 compradores internacionales y al menos 60 potenciales inversionistas. La expectativa empresarial crece ante esta cita estrat\u00e9gica que [&hellip;]<\/p>\n","protected":false},"author":3,"featured_media":34670,"comment_status":"open","ping_status":"open","sticky":false,"template":"","format":"video","meta":{"footnotes":""},"categories":[10],"tags":[],"class_list":["post-34669","post","type-post","status-publish","format-video","has-post-thumbnail","hentry","category-cnc-noticias-tulua","post_format-post-format-video"],"_links":{"self":[{"href":"https:\/\/cnctulua.tv\/index.php?rest_route=\/wp\/v2\/posts\/34669","targetHints":{"allow":["GET"]}}],"collection":[{"href":"https:\/\/cnctulua.tv\/index.php?rest_route=\/wp\/v2\/posts"}],"about":[{"href":"https:\/\/cnctulua.tv\/index.php?rest_route=\/wp\/v2\/types\/post"}],"author":[{"embeddable":true,"href":"https:\/\/cnctulua.tv\/index.php?rest_route=\/wp\/v2\/users\/3"}],"replies":[{"embeddable":true,"href":"https:\/\/cnctulua.tv\/index.php?rest_route=%2Fwp%2Fv2%2Fcomments&post=34669"}],"version-history":[{"count":1,"href":"https:\/\/cnctulua.tv\/index.php?rest_route=\/wp\/v2\/posts\/34669\/revisions"}],"predecessor-version":[{"id":34671,"href":"https:\/\/cnctulua.tv\/index.php?rest_route=\/wp\/v2\/posts\/34669\/revisions\/34671"}],"wp:featuredmedia":[{"embeddable":true,"href":"https:\/\/cnctulua.tv\/index.php?rest_route=\/wp\/v2\/media\/34670"}],"wp:attachment":[{"href":"https:\/\/cnctulua.tv\/index.php?rest_route=%2Fwp%2Fv2%2Fmedia&parent=34669"}],"wp:term":[{"taxonomy":"category","embeddable":true,"href":"https:\/\/cnctulua.tv\/index.php?rest_route=%2Fwp%2Fv2%2Fcategories&post=34669"},{"taxonomy":"post_tag","embeddable":true,"href":"https:\/\/cnctulua.tv\/index.php?rest_route=%2Fwp%2Fv2%2Ftags&post=34669"}],"curies":[{"name":"wp","href":"https:\/\/api.w.org\/{rel}","templated":true}]}}