{"id":34682,"date":"2025-06-09T20:50:19","date_gmt":"2025-06-09T20:50:19","guid":{"rendered":"https:\/\/cnctulua.tv\/?p=34682"},"modified":"2025-06-09T20:50:19","modified_gmt":"2025-06-09T20:50:19","slug":"america-de-cali-femenino-ajusta-tuercas-tras-caida-y-analiza-lineas-para-mejorar-en-lo-fisico-y-tactico","status":"publish","type":"post","link":"https:\/\/cnctulua.tv\/?p=34682","title":{"rendered":"Am\u00e9rica de Cali Femenino ajusta tuercas tras ca\u00edda y analiza l\u00edneas para mejorar en lo f\u00edsico y t\u00e1ctico"},"content":{"rendered":"\n<p>Am\u00e9rica de Cali Femenino sufri\u00f3 un golpe duro en su \u00faltima salida y ahora est\u00e1 en plena labor de reacomodo para retomar el camino ganador. Mario Alberto Janer, preparador f\u00edsico del equipo escarlata, hizo un an\u00e1lisis sincero de lo que dej\u00f3 el encuentro y los puntos que deben mejorar para no perder pisada en la competencia.<\/p>\n\n\n\n<p>\u201cEl f\u00fatbol de hoy es muy exigente y todos los rivales se preparan para jugar contra Am\u00e9rica. Nos falt\u00f3 cerrar bien la segunda jugada, ajustar los filtros defensivos y ser m\u00e1s efectivos en la definici\u00f3n. Eso nos pas\u00f3 factura\u201d, explic\u00f3 Janer, quien tambi\u00e9n reconoci\u00f3 que, a pesar del esfuerzo, el equipo debe afinar su funcionamiento colectivo.<\/p>\n\n\n\n<figure class=\"wp-block-embed is-type-video is-provider-youtube wp-block-embed-youtube wp-embed-aspect-16-9 wp-has-aspect-ratio\"><div class=\"wp-block-embed__wrapper\">\n<iframe loading=\"lazy\" title=\"An\u00e1lisis: Am\u00e9rica Femenino ajusta tras derrota y busca recuperar nivel \u26bd\ufe0f\ud83d\udd34\" width=\"640\" height=\"360\" src=\"https:\/\/www.youtube.com\/embed\/SK46sQ-k6qc?feature=oembed\" frameborder=\"0\" allow=\"accelerometer; autoplay; clipboard-write; encrypted-media; gyroscope; picture-in-picture; web-share\" referrerpolicy=\"strict-origin-when-cross-origin\" allowfullscreen><\/iframe>\n<\/div><\/figure>\n\n\n\n<p>Uno de los aspectos t\u00e1cticos que marc\u00f3 el partido fue la l\u00ednea de cinco defensores que emple\u00f3 el cuerpo t\u00e9cnico, una variante obligada por la lesi\u00f3n de la central Manuela. \u201cTuvimos que sacrificar una defensa y meter una volante para hacer una l\u00ednea de tres atr\u00e1s. La idea era ganar profundidad y volumen ofensivo, pero esta vez no nos sali\u00f3 como esper\u00e1bamos\u201d, puntualiz\u00f3.<\/p>\n\n\n\n<p>Sin embargo, el trabajo f\u00edsico y la actitud mostrada por las jugadoras fue resaltado por Janer, quien asegur\u00f3 que \u201cel equipo mejor\u00f3 en la entrega, corri\u00f3 cada bal\u00f3n y mostr\u00f3 compromiso. Pero sabemos que para enfrentar a un rival grande como Cali debemos estar m\u00e1s compactas y coordinadas.\u201d<\/p>\n\n\n\n<p>Con la mirada puesta en los pr\u00f3ximos desaf\u00edos, Am\u00e9rica de Cali Femenino trabaja para corregir sus errores y volver a ser ese equipo s\u00f3lido que ha demostrado durante la temporada.<\/p>\n\n\n\n<figure class=\"wp-block-video\"><\/figure>\n","protected":false},"excerpt":{"rendered":"<p>Am\u00e9rica de Cali Femenino sufri\u00f3 un golpe duro en su \u00faltima salida y ahora est\u00e1 en plena labor de reacomodo para retomar el camino ganador. Mario Alberto Janer, preparador f\u00edsico del equipo escarlata, hizo un an\u00e1lisis sincero de lo que dej\u00f3 el encuentro y los puntos que deben mejorar para no perder pisada en la [&hellip;]<\/p>\n","protected":false},"author":3,"featured_media":34684,"comment_status":"open","ping_status":"open","sticky":false,"template":"","format":"video","meta":{"footnotes":""},"categories":[10],"tags":[],"class_list":["post-34682","post","type-post","status-publish","format-video","has-post-thumbnail","hentry","category-cnc-noticias-tulua","post_format-post-format-video"],"_links":{"self":[{"href":"https:\/\/cnctulua.tv\/index.php?rest_route=\/wp\/v2\/posts\/34682","targetHints":{"allow":["GET"]}}],"collection":[{"href":"https:\/\/cnctulua.tv\/index.php?rest_route=\/wp\/v2\/posts"}],"about":[{"href":"https:\/\/cnctulua.tv\/index.php?rest_route=\/wp\/v2\/types\/post"}],"author":[{"embeddable":true,"href":"https:\/\/cnctulua.tv\/index.php?rest_route=\/wp\/v2\/users\/3"}],"replies":[{"embeddable":true,"href":"https:\/\/cnctulua.tv\/index.php?rest_route=%2Fwp%2Fv2%2Fcomments&post=34682"}],"version-history":[{"count":1,"href":"https:\/\/cnctulua.tv\/index.php?rest_route=\/wp\/v2\/posts\/34682\/revisions"}],"predecessor-version":[{"id":34685,"href":"https:\/\/cnctulua.tv\/index.php?rest_route=\/wp\/v2\/posts\/34682\/revisions\/34685"}],"wp:featuredmedia":[{"embeddable":true,"href":"https:\/\/cnctulua.tv\/index.php?rest_route=\/wp\/v2\/media\/34684"}],"wp:attachment":[{"href":"https:\/\/cnctulua.tv\/index.php?rest_route=%2Fwp%2Fv2%2Fmedia&parent=34682"}],"wp:term":[{"taxonomy":"category","embeddable":true,"href":"https:\/\/cnctulua.tv\/index.php?rest_route=%2Fwp%2Fv2%2Fcategories&post=34682"},{"taxonomy":"post_tag","embeddable":true,"href":"https:\/\/cnctulua.tv\/index.php?rest_route=%2Fwp%2Fv2%2Ftags&post=34682"}],"curies":[{"name":"wp","href":"https:\/\/api.w.org\/{rel}","templated":true}]}}