{"id":34689,"date":"2025-06-09T20:55:35","date_gmt":"2025-06-09T20:55:35","guid":{"rendered":"https:\/\/cnctulua.tv\/?p=34689"},"modified":"2025-06-09T20:55:35","modified_gmt":"2025-06-09T20:55:35","slug":"incautan-mas-de-cinco-toneladas-de-marihuana-camufladas-en-productos-de-aseo-en-vias-del-valle-del-cauca","status":"publish","type":"post","link":"https:\/\/cnctulua.tv\/?p=34689","title":{"rendered":"Incautan m\u00e1s de cinco toneladas de marihuana camufladas en productos de aseo en v\u00edas del Valle del Cauca"},"content":{"rendered":"\n<p>En una operaci\u00f3n de control sobre la v\u00eda Mediacanoa \u2013 La Virginia, a la altura del kil\u00f3metro 105, la Polic\u00eda Nacional incaut\u00f3 m\u00e1s de cinco toneladas de marihuana que eran transportadas en un tractocami\u00f3n camufladas como productos de aseo para el hogar.<\/p>\n\n\n\n<p>La acci\u00f3n fue adelantada por uniformados de la Seccional de Tr\u00e1nsito y Transporte del Valle del Cauca (SETRA), en el marco de la estrategia \u201cCorredores Seguros\u201d liderada por la Gobernaci\u00f3n del departamento. Durante la inspecci\u00f3n a un veh\u00edculo de carga, los polic\u00edas detectaron inconsistencias en la documentaci\u00f3n y en el contenido del cargamento, lo que despert\u00f3 sospechas entre los uniformados.<\/p>\n\n\n\n<figure class=\"wp-block-embed is-type-video is-provider-youtube wp-block-embed-youtube wp-embed-aspect-16-9 wp-has-aspect-ratio\"><div class=\"wp-block-embed__wrapper\">\n<iframe loading=\"lazy\" title=\"Interceptan 5 toneladas de droga que iban hacia Medell\u00edn \ud83d\ude9b\ud83d\udca5\" width=\"640\" height=\"360\" src=\"https:\/\/www.youtube.com\/embed\/Aqa7FLahpRE?feature=oembed\" frameborder=\"0\" allow=\"accelerometer; autoplay; clipboard-write; encrypted-media; gyroscope; picture-in-picture; web-share\" referrerpolicy=\"strict-origin-when-cross-origin\" allowfullscreen><\/iframe>\n<\/div><\/figure>\n\n\n\n<p>El cami\u00f3n, que aparentemente transportaba cajas de jab\u00f3n en polvo, detergentes y colorantes, escond\u00eda en realidad 3.682 paquetes de marihuana, con un peso total de **5.239 kilogramos**, que hab\u00edan sido empacados cuidadosamente para evitar la detecci\u00f3n. Seg\u00fan las autoridades, el uso de productos con olores fuertes era una estrategia para confundir a los perros antinarc\u00f3ticos y evadir los controles.<\/p>\n\n\n\n<p>La droga habr\u00eda salido del municipio de Palmira y ten\u00eda como destino la ciudad de Medell\u00edn, donde ser\u00eda distribuida en distintos puntos de expendio ilegal.<\/p>\n\n\n\n<p>El conductor del veh\u00edculo fue capturado en flagrancia y presentado ante la Fiscal\u00eda General de la Naci\u00f3n, donde un juez de control de garant\u00edas legaliz\u00f3 su captura y le dict\u00f3 medida de aseguramiento intramural por el delito de **tr\u00e1fico, fabricaci\u00f3n o porte de estupefacientes**. Adem\u00e1s del estupefaciente, el veh\u00edculo fue incautado y qued\u00f3 a disposici\u00f3n de las autoridades competentes.<\/p>\n\n\n\n<p>\u201cLa incautaci\u00f3n es una muestra m\u00e1s del inquebrantable compromiso de la Polic\u00eda Nacional de Colombia con la lucha contra el narcotr\u00e1fico y la protecci\u00f3n de nuestras comunidades, en especial nuestros ni\u00f1os, ni\u00f1as y adolescentes\u00bb, se\u00f1al\u00f3 la coronel Sandra Liliana Rodr\u00edguez Castro, comandante del Departamento de Polic\u00eda Valle.<\/p>\n\n\n\n<p>Las autoridades reiteraron el llamado a la ciudadan\u00eda para denunciar cualquier actividad sospechosa y fortalecer el trabajo conjunto entre la comunidad, las autoridades pol\u00edtico-administrativas y la fuerza p\u00fablica.<\/p>\n\n\n\n<figure class=\"wp-block-video\"><\/figure>\n","protected":false},"excerpt":{"rendered":"<p>En una operaci\u00f3n de control sobre la v\u00eda Mediacanoa \u2013 La Virginia, a la altura del kil\u00f3metro 105, la Polic\u00eda Nacional incaut\u00f3 m\u00e1s de cinco toneladas de marihuana que eran transportadas en un tractocami\u00f3n camufladas como productos de aseo para el hogar. La acci\u00f3n fue adelantada por uniformados de la Seccional de Tr\u00e1nsito y Transporte [&hellip;]<\/p>\n","protected":false},"author":3,"featured_media":34690,"comment_status":"open","ping_status":"open","sticky":false,"template":"","format":"video","meta":{"footnotes":""},"categories":[10],"tags":[],"class_list":["post-34689","post","type-post","status-publish","format-video","has-post-thumbnail","hentry","category-cnc-noticias-tulua","post_format-post-format-video"],"_links":{"self":[{"href":"https:\/\/cnctulua.tv\/index.php?rest_route=\/wp\/v2\/posts\/34689","targetHints":{"allow":["GET"]}}],"collection":[{"href":"https:\/\/cnctulua.tv\/index.php?rest_route=\/wp\/v2\/posts"}],"about":[{"href":"https:\/\/cnctulua.tv\/index.php?rest_route=\/wp\/v2\/types\/post"}],"author":[{"embeddable":true,"href":"https:\/\/cnctulua.tv\/index.php?rest_route=\/wp\/v2\/users\/3"}],"replies":[{"embeddable":true,"href":"https:\/\/cnctulua.tv\/index.php?rest_route=%2Fwp%2Fv2%2Fcomments&post=34689"}],"version-history":[{"count":1,"href":"https:\/\/cnctulua.tv\/index.php?rest_route=\/wp\/v2\/posts\/34689\/revisions"}],"predecessor-version":[{"id":34691,"href":"https:\/\/cnctulua.tv\/index.php?rest_route=\/wp\/v2\/posts\/34689\/revisions\/34691"}],"wp:featuredmedia":[{"embeddable":true,"href":"https:\/\/cnctulua.tv\/index.php?rest_route=\/wp\/v2\/media\/34690"}],"wp:attachment":[{"href":"https:\/\/cnctulua.tv\/index.php?rest_route=%2Fwp%2Fv2%2Fmedia&parent=34689"}],"wp:term":[{"taxonomy":"category","embeddable":true,"href":"https:\/\/cnctulua.tv\/index.php?rest_route=%2Fwp%2Fv2%2Fcategories&post=34689"},{"taxonomy":"post_tag","embeddable":true,"href":"https:\/\/cnctulua.tv\/index.php?rest_route=%2Fwp%2Fv2%2Ftags&post=34689"}],"curies":[{"name":"wp","href":"https:\/\/api.w.org\/{rel}","templated":true}]}}