{"id":34692,"date":"2025-06-09T20:58:10","date_gmt":"2025-06-09T20:58:10","guid":{"rendered":"https:\/\/cnctulua.tv\/?p=34692"},"modified":"2025-06-09T20:58:10","modified_gmt":"2025-06-09T20:58:10","slug":"fiesta-clandestina-en-la-union-valle-termina-en-tragedia-dos-muertos-y-dos-menores-heridos","status":"publish","type":"post","link":"https:\/\/cnctulua.tv\/?p=34692","title":{"rendered":"Fiesta clandestina en La Uni\u00f3n, Valle, termina en tragedia: dos muertos y dos menores heridos"},"content":{"rendered":"\n<p>Una fiesta clandestina realizada en la finca La Monta\u00f1ita, ubicada en la vereda La Campesina de este municipio del norte del Valle, termin\u00f3 en una tragedia que hoy es materia de investigaci\u00f3n. Seg\u00fan confirmaron las autoridades, dos personas murieron y dos menores de edad resultaron heridos por impactos de arma de fuego.<\/p>\n\n\n\n<p>Personal del Cuerpo T\u00e9cnico de Investigaci\u00f3n (CTI) de la Fiscal\u00eda realiz\u00f3 la inspecci\u00f3n t\u00e9cnica a los cad\u00e1veres de Esteban Renter\u00eda Delgado Tejada, de 26 a\u00f1os, y Marlon Felipe P\u00e9rez S\u00e1nchez, de 23, ambos con heridas de bala en diferentes partes del cuerpo. Los hechos se presentaron en medio de una reuni\u00f3n no autorizada en un predio alquilado.<\/p>\n\n\n\n<figure class=\"wp-block-embed is-type-video is-provider-youtube wp-block-embed-youtube wp-embed-aspect-16-9 wp-has-aspect-ratio\"><div class=\"wp-block-embed__wrapper\">\n<iframe loading=\"lazy\" title=\"Fiesta clandestina en zona rural termina en tragedia | Dos muertos y menores heridos\" width=\"640\" height=\"360\" src=\"https:\/\/www.youtube.com\/embed\/7sDzh29uWTg?feature=oembed\" frameborder=\"0\" allow=\"accelerometer; autoplay; clipboard-write; encrypted-media; gyroscope; picture-in-picture; web-share\" referrerpolicy=\"strict-origin-when-cross-origin\" allowfullscreen><\/iframe>\n<\/div><\/figure>\n\n\n\n<p>En el mismo incidente resultaron heridos dos adolescentes: un menor de 17 a\u00f1os, quien fue trasladado y atendido en la Cl\u00ednica San Francisco, y otro de 16 a\u00f1os, que fue remitido al hospital Tom\u00e1s Uribe Uribe. Ambos presentan heridas causadas por arma de fuego.<\/p>\n\n\n\n<p>Las primeras hip\u00f3tesis apuntan a que la reuni\u00f3n fue convocada de forma informal y sin control, posiblemente a trav\u00e9s de redes sociales. Las autoridades investigan la posible relaci\u00f3n de las v\u00edctimas con actividades delictivas, ya que uno de los fallecidos ten\u00eda antecedentes por tr\u00e1fico de estupefacientes.<\/p>\n\n\n\n<p>La coronel Sandra Liliana Rodr\u00edguez, comandante del Departamento de Polic\u00eda Valle, hizo un llamado urgente a los padres de familia para que supervisen el uso de redes sociales por parte de sus hijos y eviten su exposici\u00f3n a eventos clandestinos donde, seg\u00fan investigaciones, podr\u00eda haber consumo y tr\u00e1fico de sustancias il\u00edcitas.<\/p>\n\n\n\n<p>\u201cLa responsabilidad no recae solo en los asistentes, sino tambi\u00e9n en los propietarios que alquilan estos predios sin verificar el uso que se les dar\u00e1. Estas acciones tambi\u00e9n pueden acarrear consecuencias penales\u201d, se\u00f1al\u00f3 la oficial.<\/p>\n\n\n\n<p>La Polic\u00eda Nacional y la Fiscal\u00eda avanzan en la identificaci\u00f3n de los agresores, mientras solicitan el apoyo ciudadano para aportar informaci\u00f3n que conduzca al esclarecimiento del caso.<\/p>\n\n\n\n<figure class=\"wp-block-video\"><\/figure>\n","protected":false},"excerpt":{"rendered":"<p>Una fiesta clandestina realizada en la finca La Monta\u00f1ita, ubicada en la vereda La Campesina de este municipio del norte del Valle, termin\u00f3 en una tragedia que hoy es materia de investigaci\u00f3n. Seg\u00fan confirmaron las autoridades, dos personas murieron y dos menores de edad resultaron heridos por impactos de arma de fuego. Personal del Cuerpo [&hellip;]<\/p>\n","protected":false},"author":3,"featured_media":34693,"comment_status":"open","ping_status":"open","sticky":false,"template":"","format":"video","meta":{"footnotes":""},"categories":[10],"tags":[],"class_list":["post-34692","post","type-post","status-publish","format-video","has-post-thumbnail","hentry","category-cnc-noticias-tulua","post_format-post-format-video"],"_links":{"self":[{"href":"https:\/\/cnctulua.tv\/index.php?rest_route=\/wp\/v2\/posts\/34692","targetHints":{"allow":["GET"]}}],"collection":[{"href":"https:\/\/cnctulua.tv\/index.php?rest_route=\/wp\/v2\/posts"}],"about":[{"href":"https:\/\/cnctulua.tv\/index.php?rest_route=\/wp\/v2\/types\/post"}],"author":[{"embeddable":true,"href":"https:\/\/cnctulua.tv\/index.php?rest_route=\/wp\/v2\/users\/3"}],"replies":[{"embeddable":true,"href":"https:\/\/cnctulua.tv\/index.php?rest_route=%2Fwp%2Fv2%2Fcomments&post=34692"}],"version-history":[{"count":1,"href":"https:\/\/cnctulua.tv\/index.php?rest_route=\/wp\/v2\/posts\/34692\/revisions"}],"predecessor-version":[{"id":34694,"href":"https:\/\/cnctulua.tv\/index.php?rest_route=\/wp\/v2\/posts\/34692\/revisions\/34694"}],"wp:featuredmedia":[{"embeddable":true,"href":"https:\/\/cnctulua.tv\/index.php?rest_route=\/wp\/v2\/media\/34693"}],"wp:attachment":[{"href":"https:\/\/cnctulua.tv\/index.php?rest_route=%2Fwp%2Fv2%2Fmedia&parent=34692"}],"wp:term":[{"taxonomy":"category","embeddable":true,"href":"https:\/\/cnctulua.tv\/index.php?rest_route=%2Fwp%2Fv2%2Fcategories&post=34692"},{"taxonomy":"post_tag","embeddable":true,"href":"https:\/\/cnctulua.tv\/index.php?rest_route=%2Fwp%2Fv2%2Ftags&post=34692"}],"curies":[{"name":"wp","href":"https:\/\/api.w.org\/{rel}","templated":true}]}}