{"id":34702,"date":"2025-06-10T20:56:28","date_gmt":"2025-06-10T20:56:28","guid":{"rendered":"https:\/\/cnctulua.tv\/?p=34702"},"modified":"2025-06-10T20:56:28","modified_gmt":"2025-06-10T20:56:28","slug":"tulua-extiende-medidas-de-seguridad-y-control-ciudadano-hasta-el-13-de-junio","status":"publish","type":"post","link":"https:\/\/cnctulua.tv\/?p=34702","title":{"rendered":"Tulu\u00e1 extiende medidas de seguridad y control ciudadano hasta el 13 de junio"},"content":{"rendered":"\n<p>La administraci\u00f3n municipal de Tulu\u00e1 anunci\u00f3 la extensi\u00f3n de las medidas de seguridad y control que se encuentran vigentes en el municipio, desde el 9 hasta el 13 de junio, como respuesta a los recientes hechos que han afectado la tranquilidad ciudadana.<\/p>\n\n\n\n<p>Entre las disposiciones se mantiene el toque de queda para menores de edad, que establece la restricci\u00f3n de circulaci\u00f3n entre las 20:00 horas y las 5:00 horas del d\u00eda siguiente. De igual manera, contin\u00faa la prohibici\u00f3n de circulaci\u00f3n de motocicletas en el horario comprendido entre las 23:00 y las 5:00 horas.<\/p>\n\n\n\n<p>Adem\u00e1s, se mantiene la restricci\u00f3n en la venta de combustible en recipientes no autorizados \u2014como botellas, frascos y tarros\u2014 durante las 24 horas del d\u00eda, en el per\u00edodo se\u00f1alado. Esta medida busca prevenir incidentes relacionados con el manejo inadecuado de combustibles.<\/p>\n\n\n\n<figure class=\"wp-block-embed is-type-video is-provider-youtube wp-block-embed-youtube wp-embed-aspect-16-9 wp-has-aspect-ratio\"><div class=\"wp-block-embed__wrapper\">\n<iframe loading=\"lazy\" title=\"Medidas de seguridad en Tulu\u00e1 hasta el 13 de junio | Impacto en la vida diaria urbana \ud83d\udea6\ud83d\uded1\" width=\"640\" height=\"360\" src=\"https:\/\/www.youtube.com\/embed\/CmVarmEaXkE?feature=oembed\" frameborder=\"0\" allow=\"accelerometer; autoplay; clipboard-write; encrypted-media; gyroscope; picture-in-picture; web-share\" referrerpolicy=\"strict-origin-when-cross-origin\" allowfullscreen><\/iframe>\n<\/div><\/figure>\n\n\n\n<p>Como parte del control territorial, se prolonga el cierre preventivo de algunas v\u00edas estrat\u00e9gicas del municipio para regular la movilidad y evitar situaciones que puedan poner en riesgo la seguridad p\u00fablica.<\/p>\n\n\n\n<p>El Secretario de Gobierno, Jos\u00e9 Mart\u00edn Hincapi\u00e9 \u00c1lvarez, inform\u00f3 que estas medidas ser\u00e1n evaluadas nuevamente el pr\u00f3ximo viernes 13 de junio, y que las autoridades comunicar\u00e1n a la opini\u00f3n p\u00fablica cualquier cambio o continuidad en las disposiciones.<\/p>\n\n\n\n<p>La administraci\u00f3n municipal hace un llamado a la ciudadan\u00eda para respetar las medidas establecidas y colaborar con las autoridades para preservar la seguridad y la convivencia en Tulu\u00e1.<\/p>\n\n\n\n<figure class=\"wp-block-video\"><\/figure>\n","protected":false},"excerpt":{"rendered":"<p>La administraci\u00f3n municipal de Tulu\u00e1 anunci\u00f3 la extensi\u00f3n de las medidas de seguridad y control que se encuentran vigentes en el municipio, desde el 9 hasta el 13 de junio, como respuesta a los recientes hechos que han afectado la tranquilidad ciudadana. Entre las disposiciones se mantiene el toque de queda para menores de edad, [&hellip;]<\/p>\n","protected":false},"author":3,"featured_media":34703,"comment_status":"open","ping_status":"open","sticky":false,"template":"","format":"video","meta":{"footnotes":""},"categories":[10],"tags":[],"class_list":["post-34702","post","type-post","status-publish","format-video","has-post-thumbnail","hentry","category-cnc-noticias-tulua","post_format-post-format-video"],"_links":{"self":[{"href":"https:\/\/cnctulua.tv\/index.php?rest_route=\/wp\/v2\/posts\/34702","targetHints":{"allow":["GET"]}}],"collection":[{"href":"https:\/\/cnctulua.tv\/index.php?rest_route=\/wp\/v2\/posts"}],"about":[{"href":"https:\/\/cnctulua.tv\/index.php?rest_route=\/wp\/v2\/types\/post"}],"author":[{"embeddable":true,"href":"https:\/\/cnctulua.tv\/index.php?rest_route=\/wp\/v2\/users\/3"}],"replies":[{"embeddable":true,"href":"https:\/\/cnctulua.tv\/index.php?rest_route=%2Fwp%2Fv2%2Fcomments&post=34702"}],"version-history":[{"count":1,"href":"https:\/\/cnctulua.tv\/index.php?rest_route=\/wp\/v2\/posts\/34702\/revisions"}],"predecessor-version":[{"id":34704,"href":"https:\/\/cnctulua.tv\/index.php?rest_route=\/wp\/v2\/posts\/34702\/revisions\/34704"}],"wp:featuredmedia":[{"embeddable":true,"href":"https:\/\/cnctulua.tv\/index.php?rest_route=\/wp\/v2\/media\/34703"}],"wp:attachment":[{"href":"https:\/\/cnctulua.tv\/index.php?rest_route=%2Fwp%2Fv2%2Fmedia&parent=34702"}],"wp:term":[{"taxonomy":"category","embeddable":true,"href":"https:\/\/cnctulua.tv\/index.php?rest_route=%2Fwp%2Fv2%2Fcategories&post=34702"},{"taxonomy":"post_tag","embeddable":true,"href":"https:\/\/cnctulua.tv\/index.php?rest_route=%2Fwp%2Fv2%2Ftags&post=34702"}],"curies":[{"name":"wp","href":"https:\/\/api.w.org\/{rel}","templated":true}]}}