{"id":34711,"date":"2025-06-10T21:01:28","date_gmt":"2025-06-10T21:01:28","guid":{"rendered":"https:\/\/cnctulua.tv\/?p=34711"},"modified":"2025-06-10T21:01:28","modified_gmt":"2025-06-10T21:01:28","slug":"tulua-avanza-en-proceso-de-caracterizacion-y-regulacion-de-vendedores-informales-en-la-calle-sarmiento","status":"publish","type":"post","link":"https:\/\/cnctulua.tv\/?p=34711","title":{"rendered":"Tulu\u00e1 avanza en proceso de caracterizaci\u00f3n y regulaci\u00f3n de vendedores informales en la calle Sarmiento\u00a0"},"content":{"rendered":"\n<p>La Secretar\u00eda de Gobierno, Convivencia y Seguridad de Tulu\u00e1 inform\u00f3 sobre el proceso de caracterizaci\u00f3n que se realiza en la calle Sarmiento, zona c\u00e9ntrica de la ciudad, donde desde hace a\u00f1os se ha presentado una problem\u00e1tica relacionada con la ocupaci\u00f3n del espacio p\u00fablico por parte de vendedores informales.<\/p>\n\n\n\n<p>Jos\u00e9 Mart\u00edn Hincapi\u00e9 \u00c1lvarez, secretario de Gobierno, explic\u00f3 que este trabajo no es nuevo y que se retom\u00f3 el a\u00f1o pasado, tras encontrar que el espacio p\u00fablico, especialmente en la calle Sarmiento y sectores cercanos, se encuentra en una situaci\u00f3n ca\u00f3tica, producto de la falta de continuidad en procesos anteriores que buscaron ordenar la zona.<\/p>\n\n\n\n<figure class=\"wp-block-embed is-type-video is-provider-youtube wp-block-embed-youtube wp-embed-aspect-16-9 wp-has-aspect-ratio\"><div class=\"wp-block-embed__wrapper\">\n<iframe loading=\"lazy\" title=\"\ud83d\uded1 \u00bfDesalojo o regulaci\u00f3n? As\u00ed avanza la caracterizaci\u00f3n de vendedores informales en Tulu\u00e1 \ud83c\udfd9\ufe0f\" width=\"640\" height=\"360\" src=\"https:\/\/www.youtube.com\/embed\/SAffKu7pQJs?feature=oembed\" frameborder=\"0\" allow=\"accelerometer; autoplay; clipboard-write; encrypted-media; gyroscope; picture-in-picture; web-share\" referrerpolicy=\"strict-origin-when-cross-origin\" allowfullscreen><\/iframe>\n<\/div><\/figure>\n\n\n\n<p>Desde el a\u00f1o 2012 existe un pronunciamiento judicial que ordena la reubicaci\u00f3n de vendedores ambulantes en esta calle, una medida que en su momento fue apoyada por la administraci\u00f3n local a trav\u00e9s de proyectos como el Bicentenario y la Plaza Merca Plaza, con el fin de liberar el espacio p\u00fablico. Sin embargo, seg\u00fan el secretario, estas iniciativas no tuvieron continuidad en administraciones posteriores, lo que ha derivado en el actual desorden.<\/p>\n\n\n\n<p>El proceso actual se basa en una etapa de identificaci\u00f3n y caracterizaci\u00f3n de las personas que ejercen actividades econ\u00f3micas en v\u00eda p\u00fablica. \u201cNo estamos sacando a nadie a la fuerza ni imponiendo medidas de choque\u201d, aclar\u00f3 Hincapi\u00e9. El equipo de gestores municipales aborda a los vendedores de manera individual, con el prop\u00f3sito de conocer sus actividades, sus necesidades y generar espacios de di\u00e1logo para convocarlos a reuniones posteriores.<\/p>\n\n\n\n<p>Para garantizar la seguridad durante esta intervenci\u00f3n, se realiza un cierre temporal y controlado por cuadras en la calle Sarmiento, lo que ha generado inquietudes en la ciudadan\u00eda por posibles congestiones. Seg\u00fan el funcionario, esta medida es preventiva, para evitar accidentes y facilitar un abordaje ordenado tanto para los vendedores como para los funcionarios que realizan el proceso.<\/p>\n\n\n\n<p>El secretario hizo un llamado a la comprensi\u00f3n sobre la complejidad que implica la regulaci\u00f3n del espacio p\u00fablico, pues reconoce el esfuerzo que hacen muchas personas para ganarse la vida, pero insisti\u00f3 en la necesidad de restituir el orden y garantizar el derecho al espacio p\u00fablico para todos. Asimismo, afirm\u00f3 que el proceso busca atender de manera focalizada las necesidades de los vendedores, al tiempo que responde a las preocupaciones expresadas por comerciantes formales que han visto afectada su actividad por la ocupaci\u00f3n irregular.<\/p>\n\n\n\n<p>Finalmente, la administraci\u00f3n municipal reiter\u00f3 su compromiso con el debido proceso, el respeto a los derechos individuales y la prioridad del inter\u00e9s general, en un equilibrio que permita mejorar la convivencia y el orden en la ciudad.<\/p>\n\n\n\n<figure class=\"wp-block-video\"><\/figure>\n","protected":false},"excerpt":{"rendered":"<p>La Secretar\u00eda de Gobierno, Convivencia y Seguridad de Tulu\u00e1 inform\u00f3 sobre el proceso de caracterizaci\u00f3n que se realiza en la calle Sarmiento, zona c\u00e9ntrica de la ciudad, donde desde hace a\u00f1os se ha presentado una problem\u00e1tica relacionada con la ocupaci\u00f3n del espacio p\u00fablico por parte de vendedores informales. Jos\u00e9 Mart\u00edn Hincapi\u00e9 \u00c1lvarez, secretario de Gobierno, [&hellip;]<\/p>\n","protected":false},"author":3,"featured_media":34712,"comment_status":"open","ping_status":"open","sticky":false,"template":"","format":"video","meta":{"footnotes":""},"categories":[10],"tags":[],"class_list":["post-34711","post","type-post","status-publish","format-video","has-post-thumbnail","hentry","category-cnc-noticias-tulua","post_format-post-format-video"],"_links":{"self":[{"href":"https:\/\/cnctulua.tv\/index.php?rest_route=\/wp\/v2\/posts\/34711","targetHints":{"allow":["GET"]}}],"collection":[{"href":"https:\/\/cnctulua.tv\/index.php?rest_route=\/wp\/v2\/posts"}],"about":[{"href":"https:\/\/cnctulua.tv\/index.php?rest_route=\/wp\/v2\/types\/post"}],"author":[{"embeddable":true,"href":"https:\/\/cnctulua.tv\/index.php?rest_route=\/wp\/v2\/users\/3"}],"replies":[{"embeddable":true,"href":"https:\/\/cnctulua.tv\/index.php?rest_route=%2Fwp%2Fv2%2Fcomments&post=34711"}],"version-history":[{"count":1,"href":"https:\/\/cnctulua.tv\/index.php?rest_route=\/wp\/v2\/posts\/34711\/revisions"}],"predecessor-version":[{"id":34713,"href":"https:\/\/cnctulua.tv\/index.php?rest_route=\/wp\/v2\/posts\/34711\/revisions\/34713"}],"wp:featuredmedia":[{"embeddable":true,"href":"https:\/\/cnctulua.tv\/index.php?rest_route=\/wp\/v2\/media\/34712"}],"wp:attachment":[{"href":"https:\/\/cnctulua.tv\/index.php?rest_route=%2Fwp%2Fv2%2Fmedia&parent=34711"}],"wp:term":[{"taxonomy":"category","embeddable":true,"href":"https:\/\/cnctulua.tv\/index.php?rest_route=%2Fwp%2Fv2%2Fcategories&post=34711"},{"taxonomy":"post_tag","embeddable":true,"href":"https:\/\/cnctulua.tv\/index.php?rest_route=%2Fwp%2Fv2%2Ftags&post=34711"}],"curies":[{"name":"wp","href":"https:\/\/api.w.org\/{rel}","templated":true}]}}